{"id":1067,"date":"2026-01-31T10:13:16","date_gmt":"2026-01-31T10:13:16","guid":{"rendered":"https:\/\/www.newsrecorder.ro\/app\/2026\/01\/31\/arafat-propune-legi-pentru-a-proteja-copiii-de-retelele-sociale\/"},"modified":"2026-01-31T10:13:16","modified_gmt":"2026-01-31T10:13:16","slug":"arafat-propune-legi-pentru-a-proteja-copiii-de-retelele-sociale","status":"publish","type":"post","link":"https:\/\/www.newsrecorder.ro\/app\/2026\/01\/31\/arafat-propune-legi-pentru-a-proteja-copiii-de-retelele-sociale\/","title":{"rendered":"Arafat propune legi pentru a proteja copiii de re\u021belele sociale"},"content":{"rendered":"<p>\u00cen contextul unor evenimente recente alarmante \u00een care copii \u0219i adolescen\u021bi au fost implica\u021bi, Raed Arafat a lansat o \u00eentrebare provocatoare pe Facebook s\u00e2mb\u0103t\u0103 diminea\u021ba: \u201eAr fi oportun ca Rom\u00e2nia s\u0103 fac\u0103 un pas curajos \u0219i responsabil, al\u0103tur\u00e2ndu-se altor state care discut\u0103 sau au implementat deja restric\u021bii privind accesul tinerilor la re\u021belele de socializare?\u201d<\/p>\n<p>Arafat subliniaz\u0103 c\u0103 \u021b\u0103ri precum Fran\u021ba, Australia, Regatul Unit \u0219i Norvegia abordeaz\u0103 deja aceast\u0103 problem\u0103 ca pe o chestiune de s\u0103n\u0103tate public\u0103 \u0219i de protec\u021bie a minorilor. \u201eNu este vorba despre cenzur\u0103, ci despre protec\u021bie. Este crucial s\u0103 ne concentr\u0103m asupra s\u0103n\u0103t\u0103\u021bii mintale a copiilor \u0219i adolescen\u021bilor,\u201d a afirmat el.<\/p>\n<p>El compar\u0103 restric\u021biile privind re\u021belele de socializare cu regulile existente pentru accesul tinerilor la tutun, alcool, jocuri de noroc sau filme destinate adul\u021bilor, afirm\u00e2nd c\u0103 trebuie s\u0103 fim sinceri cu noi \u00een\u0219ine: re\u021belele sociale reprezint\u0103 un risc semnificativ pentru aceast\u0103 categorie de v\u00e2rst\u0103.<\/p>\n<p>Arafat explic\u0103: \u201eAceste platforme utilizeaz\u0103 mecanisme complexe de manipulare, menite s\u0103 capteze aten\u021bia \u0219i s\u0103 genereze dependen\u021b\u0103. Copiii \u0219i adolescen\u021bii nu dispun de maturitatea neurologic\u0103 \u0219i emo\u021bional\u0103 necesar\u0103 pentru a se proteja de algoritmi concepu\u021bi s\u0103 exploateze vulnerabilit\u0103\u021bile lor. \u00cen plus, re\u021belele sociale au devenit un mediu propice pentru cyberbullying, umilire public\u0103, stigmatizare, presiune social\u0103 constant\u0103, compara\u021bii toxice \u0219i validare artificial\u0103.\u201d<\/p>\n<p>Potrivit lui Arafat, aceste experien\u021be pot avea efecte profunde \u0219i durabile asupra tinerilor, inclusiv anxietate, depresie, izolare, tulbur\u0103ri de somn, sc\u0103derea performan\u021belor \u0219colare \u0219i afectarea dezvolt\u0103rii emo\u021bionale.<\/p>\n<p>\u201eA sus\u021bine c\u0103 <em>este doar responsabilitatea p\u0103rin\u021bilor<\/em> nu mai este suficient \u00eentr-o lume dominat\u0103 de platforme globale \u0219i interese comerciale imense. Atunci c\u00e2nd riscurile sunt sistemice, r\u0103spunsul trebuie s\u0103 fie unul de politic\u0103 public\u0103,\u201d a ad\u0103ugat el.<\/p>\n<p>Arafat \u00ee\u0219i exprim\u0103 convingerea c\u0103 este timpul ca parlamentarii rom\u00e2ni s\u0103 \u00ee\u0219i asume aceast\u0103 responsabilitate \u0219i s\u0103 dezvolte un cadru legislativ clar care s\u0103 limiteze accesul copiilor \u0219i adolescen\u021bilor sub 15-16 ani la re\u021belele sociale. \u201eAceasta nu este o m\u0103sur\u0103 \u00eempotriva tehnologiei, ci o investi\u021bie \u00een s\u0103n\u0103tatea, echilibrul \u0219i viitorul genera\u021biilor tinere,\u201d a concluzionat el.<\/p>\n","protected":false},"excerpt":{"rendered":"<p>\u00cen contextul unor evenimente recente alarmante \u00een care copii \u0219i adolescen\u021bi au fost implica\u021bi, Raed Arafat a lansat o \u00eentrebare provocatoare pe Facebook s\u00e2mb\u0103t\u0103 diminea\u021ba: \u201eAr fi oportun ca Rom\u00e2nia s\u0103 fac\u0103 un pas curajos \u0219i responsabil, al\u0103tur\u00e2ndu-se altor state care discut\u0103 sau au implementat deja restric\u021bii privind accesul tinerilor la re\u021belele de socializare?\u201d Arafat [&hellip;]<\/p>\n","protected":false},"author":2,"featured_media":1068,"comment_status":"open","ping_status":"open","sticky":false,"template":"","format":"standard","meta":{"jnews-multi-image_gallery":[],"jnews_single_post":[],"jnews_primary_category":[],"jnews_override_counter":[],"footnotes":""},"categories":[39],"tags":[832,1958,1176,1956,1957,692,1955,660],"class_list":["post-1067","post","type-post","status-publish","format-standard","has-post-thumbnail","hentry","category-stirile-zilei","tag-adolescenti","tag-cenzura","tag-copii","tag-protectie-minorii","tag-raed-arafat","tag-restrictii","tag-retele-sociale","tag-sanatate-mintala"],"_links":{"self":[{"href":"https:\/\/www.newsrecorder.ro\/app\/wp-json\/wp\/v2\/posts\/1067","targetHints":{"allow":["GET"]}}],"collection":[{"href":"https:\/\/www.newsrecorder.ro\/app\/wp-json\/wp\/v2\/posts"}],"about":[{"href":"https:\/\/www.newsrecorder.ro\/app\/wp-json\/wp\/v2\/types\/post"}],"author":[{"embeddable":true,"href":"https:\/\/www.newsrecorder.ro\/app\/wp-json\/wp\/v2\/users\/2"}],"replies":[{"embeddable":true,"href":"https:\/\/www.newsrecorder.ro\/app\/wp-json\/wp\/v2\/comments?post=1067"}],"version-history":[{"count":0,"href":"https:\/\/www.newsrecorder.ro\/app\/wp-json\/wp\/v2\/posts\/1067\/revisions"}],"wp:featuredmedia":[{"embeddable":true,"href":"https:\/\/www.newsrecorder.ro\/app\/wp-json\/wp\/v2\/media\/1068"}],"wp:attachment":[{"href":"https:\/\/www.newsrecorder.ro\/app\/wp-json\/wp\/v2\/media?parent=1067"}],"wp:term":[{"taxonomy":"category","embeddable":true,"href":"https:\/\/www.newsrecorder.ro\/app\/wp-json\/wp\/v2\/categories?post=1067"},{"taxonomy":"post_tag","embeddable":true,"href":"https:\/\/www.newsrecorder.ro\/app\/wp-json\/wp\/v2\/tags?post=1067"}],"curies":[{"name":"wp","href":"https:\/\/api.w.org\/{rel}","templated":true}]}}