{"id":10684,"date":"2026-03-27T23:42:35","date_gmt":"2026-03-27T23:42:35","guid":{"rendered":"https:\/\/www.newsrecorder.ro\/app\/2026\/03\/27\/sofer-amendat-cu-120-000-euro-pentru-viteza-excesiva-de-59-km-h\/"},"modified":"2026-03-27T23:42:35","modified_gmt":"2026-03-27T23:42:35","slug":"sofer-amendat-cu-120-000-euro-pentru-viteza-excesiva-de-59-km-h","status":"publish","type":"post","link":"https:\/\/www.newsrecorder.ro\/app\/2026\/03\/27\/sofer-amendat-cu-120-000-euro-pentru-viteza-excesiva-de-59-km-h\/","title":{"rendered":"\u0218ofer amendat cu 120.000 euro pentru vitez\u0103 excesiv\u0103 de 59 km\/h!"},"content":{"rendered":"<p>Un milionar din Finlanda a fost sanc\u021bionat cu o amend\u0103 colosal\u0103 pentru dep\u0103\u0219irea vitezei legale cu 29 km\/h, conform informa\u021biilor publicate de <a href=\"https:\/\/www.lefigaro.fr\/international\/exces-de-vitesse-de-29-km-h-un-finlandais-ecope-d-une-amende-de-120-000-qu-il-accepte-20260327\" target=\"_blank\" rel=\"noopener\">Le Figaro<\/a>. Anders Wikl\u00f6f, \u00een v\u00e2rst\u0103 de 79 de ani \u0219i unul dintre cei mai boga\u021bi finlandezi, a ales s\u0103 nu conteste sanc\u021biunea primit\u0103.<\/p>\n<p>\u201eDac\u0103 am f\u0103cut o gre\u0219eal\u0103, am f\u0103cut-o, o accept \u0219i nu mai este nimic de spus\u201d, a afirmat el pentru presa local\u0103.<\/p>\n<p>Conform publica\u021biei finlandeze Nya \u00c5land, Wikl\u00f6f a fost amendat cu suma de 120.000 de euro dup\u0103 ce a fost prins conduc\u00e2nd cu 59 km\/h \u00eentr-o zon\u0103 unde limita era de 30 km\/h. Incidentul a avut loc \u00een Mariehamn, \u00een Insulele autonome \u00c5land, \u0219i milionarul se afla la volanul unui Bentley.<\/p>\n<p>Nu este prima oar\u0103 c\u00e2nd Anders Wikl\u00f6f se confrunt\u0103 cu astfel de sanc\u021biuni. \u00cen 2013 \u0219i 2018, acesta a primit amenzi de 64.000 de euro \u0219i, respectiv, 95.000 de euro. Jurnali\u0219tii finlandezi estimeaz\u0103 c\u0103, \u00een decursul ultimilor zece ani, milionarul a pl\u0103tit aproape 400.000 de euro pentru diverse \u00eenc\u0103lc\u0103ri ale regulilor de vitez\u0103.<\/p>\n<h2>Cum se calculeaz\u0103 amenda \u00een Finlanda<\/h2>\n<p>\u00cen Finlanda, dep\u0103\u0219irea limitei de vitez\u0103 este considerat\u0103 o infrac\u021biune grav\u0103. Sistemul de sanc\u021biuni se bazeaz\u0103 pe un principiu inedit: cuantumul amenzii este direct propor\u021bional cu venitul contravenientului. Astfel, cu c\u00e2t un \u0219ofer c\u00e2\u0219tig\u0103 mai mult, cu at\u00e2t amenda devine mai mare, ceea ce poate duce la sume exorbitante pentru persoanele foarte bogate.<\/p>\n<p>\u00cen 2022, Anssi Vanjoki, fost vicepre\u0219edinte al Nokia Mobile Solutions, a fost amendat cu peste 100.000 de euro dup\u0103 ce a fost surprins conduc\u00e2nd o motociclet\u0103 cu 75 km\/h \u00eentr-o zon\u0103 unde limita era de 50 km\/h.<\/p>\n<p>Un sistem similar este aplicat \u0219i \u00een Elve\u021bia, unde a fost \u00eenregistrat\u0103 cea mai mare amend\u0103 din lume. \u00cen 2010, un \u0219ofer suedez a fost obligat s\u0103 pl\u0103teasc\u0103 aproape 800.000 de euro pentru c\u0103 a condus cu 290 km\/h \u00eentre Berna \u0219i Lausanne.<\/p>\n","protected":false},"excerpt":{"rendered":"<p>Un milionar din Finlanda a fost sanc\u021bionat cu o amend\u0103 colosal\u0103 pentru dep\u0103\u0219irea vitezei legale cu 29 km\/h, conform informa\u021biilor publicate de Le Figaro. Anders Wikl\u00f6f, \u00een v\u00e2rst\u0103 de 79 de ani \u0219i unul dintre cei mai boga\u021bi finlandezi, a ales s\u0103 nu conteste sanc\u021biunea primit\u0103. \u201eDac\u0103 am f\u0103cut o gre\u0219eal\u0103, am f\u0103cut-o, o accept [&hellip;]<\/p>\n","protected":false},"author":2,"featured_media":10685,"comment_status":"open","ping_status":"open","sticky":false,"template":"","format":"standard","meta":{"jnews-multi-image_gallery":[],"jnews_single_post":[],"jnews_primary_category":[],"jnews_override_counter":[],"footnotes":""},"categories":[41],"tags":[2307,13578,1721,13580,13579,13581,6399,13577],"class_list":["post-10684","post","type-post","status-publish","format-standard","has-post-thumbnail","hentry","category-externe","tag-amenda","tag-andres-wiklof","tag-finlanda","tag-insulele-aland","tag-mariehamn","tag-milionar","tag-sanctiune","tag-viteza"],"_links":{"self":[{"href":"https:\/\/www.newsrecorder.ro\/app\/wp-json\/wp\/v2\/posts\/10684","targetHints":{"allow":["GET"]}}],"collection":[{"href":"https:\/\/www.newsrecorder.ro\/app\/wp-json\/wp\/v2\/posts"}],"about":[{"href":"https:\/\/www.newsrecorder.ro\/app\/wp-json\/wp\/v2\/types\/post"}],"author":[{"embeddable":true,"href":"https:\/\/www.newsrecorder.ro\/app\/wp-json\/wp\/v2\/users\/2"}],"replies":[{"embeddable":true,"href":"https:\/\/www.newsrecorder.ro\/app\/wp-json\/wp\/v2\/comments?post=10684"}],"version-history":[{"count":0,"href":"https:\/\/www.newsrecorder.ro\/app\/wp-json\/wp\/v2\/posts\/10684\/revisions"}],"wp:featuredmedia":[{"embeddable":true,"href":"https:\/\/www.newsrecorder.ro\/app\/wp-json\/wp\/v2\/media\/10685"}],"wp:attachment":[{"href":"https:\/\/www.newsrecorder.ro\/app\/wp-json\/wp\/v2\/media?parent=10684"}],"wp:term":[{"taxonomy":"category","embeddable":true,"href":"https:\/\/www.newsrecorder.ro\/app\/wp-json\/wp\/v2\/categories?post=10684"},{"taxonomy":"post_tag","embeddable":true,"href":"https:\/\/www.newsrecorder.ro\/app\/wp-json\/wp\/v2\/tags?post=10684"}],"curies":[{"name":"wp","href":"https:\/\/api.w.org\/{rel}","templated":true}]}}