{"id":10688,"date":"2026-03-27T23:43:49","date_gmt":"2026-03-27T23:43:49","guid":{"rendered":"https:\/\/www.newsrecorder.ro\/app\/2026\/03\/27\/taxa-pe-coletele-mici-din-afaceri-externe-cand-va-fi-aplicata\/"},"modified":"2026-03-27T23:43:49","modified_gmt":"2026-03-27T23:43:49","slug":"taxa-pe-coletele-mici-din-afaceri-externe-cand-va-fi-aplicata","status":"publish","type":"post","link":"https:\/\/www.newsrecorder.ro\/app\/2026\/03\/27\/taxa-pe-coletele-mici-din-afaceri-externe-cand-va-fi-aplicata\/","title":{"rendered":"Tax\u0103 pe coletele mici din afaceri externe: c\u00e2nd va fi aplicat\u0103?"},"content":{"rendered":"<p>Gigan\u021bii comer\u021bului electronic din China, precum Temu \u0219i Shein, vor resim\u021bi impactul unei noi taxe destinate coletelor mici care ajung \u00een Uniunea European\u0103. Aceast\u0103 tax\u0103, ce vizeaz\u0103 manipularea coletelor de dimensiuni reduse, se va ad\u0103uga la taxa vamal\u0103 pentru produsele respective, m\u0103sur\u0103 ce va fi implementat\u0103 \u00eencep\u00e2nd cu luna iulie a acestui an.<\/p>\n<p>\u00cen data de joi, at\u00e2t Parlamentul European, c\u00e2t \u0219i Consiliul European au votat pentru introducerea acestor taxe de manipulare pentru coletele mici provenite din afara Uniunii Europene. Conform informa\u021biilor, m\u0103sura va fi implementat\u0103 cel t\u00e2rziu pe 1 noiembrie, conform <a style=\"color: #0000ff\" href=\"https:\/\/www.dw.com\/en\/eu-to-target-temu-shein-and-other-companies-with-a-levy-on-small-packages-coming-from-outside-the-bloc\/a-76560132\" target=\"_blank\" rel=\"noopener\">Deutsche Welle<\/a>.<\/p>\n<p>De\u0219i Comisia European\u0103 nu a stabilit \u00eenc\u0103 exact valoarea acestei taxe de manipulare, sursa men\u021bionat\u0103 sugereaz\u0103 c\u0103 aceasta ar putea fi \u00een jur de 2 euro per colet. Aceasta se va ad\u0103uga la taxa vamal\u0103 de 3 euro aplicabil\u0103 coletelor cu o valoare de maxim 150 de euro.<\/p>\n<p>Introducerea acestei taxe de manipulare vine ca un r\u0103spuns la cre\u0219terea semnificativ\u0103 a num\u0103rului de articole care sosesc \u00een Europa din platformele online chineze\u0219ti cu pre\u021buri reduse, cum ar fi Shein, Temu \u0219i AliExpress. \u00cen anul precedent, 5,9 milioane de astfel de colete au ajuns \u00een Uniunea European\u0103, dintre care 90% au provenit din China, conform sursei citate.<\/p>\n<p>Noua tax\u0103, odat\u0103 aprobat\u0103, va contribui par\u021bial la angajarea unui num\u0103r mai mare de agen\u021bi vamali, facilit\u00e2nd astfel gestionarea fluxului crescut de colete.<\/p>\n<p>\u00cen plus, \u00eencep\u00e2nd cu 1 ianuarie 2026, <a style=\"color: #0000ff\" href=\"https:\/\/www.mediafax.ro\/economic\/cine-va-plati-noua-taxa-de-25-lei-pentru-coletele-extracomunitare-in-romania-23664950\">Rom\u00e2nia va implementa o tax\u0103 unitar\u0103 de 25 de lei<\/a> pentru fiecare colet provenit din statele situate \u00een afara Uniunii Europene. Aceast\u0103 m\u0103sur\u0103 se aplic\u0103 \u0219i comenzilor efectuate pe platforme populare precum Temu, Shein sau AliExpress.<\/p>\n","protected":false},"excerpt":{"rendered":"<p>Gigan\u021bii comer\u021bului electronic din China, precum Temu \u0219i Shein, vor resim\u021bi impactul unei noi taxe destinate coletelor mici care ajung \u00een Uniunea European\u0103. Aceast\u0103 tax\u0103, ce vizeaz\u0103 manipularea coletelor de dimensiuni reduse, se va ad\u0103uga la taxa vamal\u0103 pentru produsele respective, m\u0103sur\u0103 ce va fi implementat\u0103 \u00eencep\u00e2nd cu luna iulie a acestui an. \u00cen data [&hellip;]<\/p>\n","protected":false},"author":4,"featured_media":10689,"comment_status":"open","ping_status":"open","sticky":false,"template":"","format":"standard","meta":{"jnews-multi-image_gallery":[],"jnews_single_post":[],"jnews_primary_category":[],"jnews_override_counter":[],"footnotes":""},"categories":[40],"tags":[13584,2656,499,634,5957,13583,13585,321],"class_list":["post-10688","post","type-post","status-publish","format-standard","has-post-thumbnail","hentry","category-econonie","tag-colete-mici","tag-comert-electronic","tag-comisia-europeana","tag-parlamentul-european","tag-shein","tag-taxe-de-manipulare","tag-temu","tag-uniunea-europeana"],"_links":{"self":[{"href":"https:\/\/www.newsrecorder.ro\/app\/wp-json\/wp\/v2\/posts\/10688","targetHints":{"allow":["GET"]}}],"collection":[{"href":"https:\/\/www.newsrecorder.ro\/app\/wp-json\/wp\/v2\/posts"}],"about":[{"href":"https:\/\/www.newsrecorder.ro\/app\/wp-json\/wp\/v2\/types\/post"}],"author":[{"embeddable":true,"href":"https:\/\/www.newsrecorder.ro\/app\/wp-json\/wp\/v2\/users\/4"}],"replies":[{"embeddable":true,"href":"https:\/\/www.newsrecorder.ro\/app\/wp-json\/wp\/v2\/comments?post=10688"}],"version-history":[{"count":0,"href":"https:\/\/www.newsrecorder.ro\/app\/wp-json\/wp\/v2\/posts\/10688\/revisions"}],"wp:featuredmedia":[{"embeddable":true,"href":"https:\/\/www.newsrecorder.ro\/app\/wp-json\/wp\/v2\/media\/10689"}],"wp:attachment":[{"href":"https:\/\/www.newsrecorder.ro\/app\/wp-json\/wp\/v2\/media?parent=10688"}],"wp:term":[{"taxonomy":"category","embeddable":true,"href":"https:\/\/www.newsrecorder.ro\/app\/wp-json\/wp\/v2\/categories?post=10688"},{"taxonomy":"post_tag","embeddable":true,"href":"https:\/\/www.newsrecorder.ro\/app\/wp-json\/wp\/v2\/tags?post=10688"}],"curies":[{"name":"wp","href":"https:\/\/api.w.org\/{rel}","templated":true}]}}