{"id":10726,"date":"2026-03-28T10:43:16","date_gmt":"2026-03-28T10:43:16","guid":{"rendered":"https:\/\/www.newsrecorder.ro\/app\/2026\/03\/28\/discutie-cruciala-premierul-pakistanului-si-presedintele-iranului-la-telefon\/"},"modified":"2026-03-28T10:43:16","modified_gmt":"2026-03-28T10:43:16","slug":"discutie-cruciala-premierul-pakistanului-si-presedintele-iranului-la-telefon","status":"publish","type":"post","link":"https:\/\/www.newsrecorder.ro\/app\/2026\/03\/28\/discutie-cruciala-premierul-pakistanului-si-presedintele-iranului-la-telefon\/","title":{"rendered":"Discu\u021bie crucial\u0103: Premierul Pakistanului \u0219i pre\u0219edintele Iranului, la telefon!"},"content":{"rendered":"<p>\u00centr-o recent\u0103 postare pe platforma X, prim-ministrul pakistanez, Sharif, a reafirmat solidaritatea Pakistanului cu Iranul, condamn\u00e2nd atacurile israeliene. De asemenea, acesta a mul\u021bumit lui Pezeshkian pentru recunoa\u0219terea eforturilor sincere ale Pakistanului \u00een promovarea p\u0103cii \u0219i facilitarea dialogului \u00een regiune, conform <a href=\"https:\/\/www.theguardian.com\/world\/live\/2026\/mar\/28\/middle-east-crisis-live-iran-war-updates-trump-us-negotiations-israel-strikes-lebanon-tehran-syria-explosions?page=with:block-69c786af8f084d6bedab59f2#top-of-blog\" target=\"_blank\" rel=\"noopener\">The Guardian<\/a>.<\/p>\n<p>Azi, Ministerul de Externe al Pakistanului a anun\u021bat c\u0103 ministrul de externe, Ishaq Dar, se va \u00eent\u00e2lni la Islamabad cu omologii s\u0103i din Arabia Saudit\u0103, Turcia \u0219i Egipt. Scopul acestei \u00eent\u00e2lniri este de a discuta \u00een detaliu o serie de subiecte, inclusiv eforturile de dezescaladare a tensiunilor din regiune.<\/p>\n<p>Discu\u021biile, programate s\u0103 \u00eenceap\u0103 duminic\u0103 \u0219i s\u0103 dureze dou\u0103 zile, vor include \u0219i o \u00eent\u00e2lnire cu Sharif, conform unui comunicat emis de Ministerul de Externe.<\/p>\n<p>Pakistan s-a pozi\u021bionat ca un posibil mediator \u00een negocierile dintre SUA \u0219i Iran, oficialii confirm\u00e2nd c\u0103 au transmis Teheranului propunerea de armisti\u021biu \u00een 15 puncte formulat\u0103 de Washington la \u00eenceputul s\u0103pt\u0103m\u00e2nii. \u00cen acest context, Dar a declarat pe X c\u0103 \u201ea\u0219teapt\u0103 cu ner\u0103bdare s\u0103-i primeasc\u0103 pe fra\u021bii mei mini\u0219tri de externe\u201d.<\/p>\n<p>Pe de alt\u0103 parte, Iranul analizeaz\u0103 propunerea Statelor Unite, dar un oficial a caracterizat-o drept \u201eunilateral\u0103 \u0219i nedreapt\u0103\u201d. Conform mass-media iraniene, Teheranul a propus un plan propriu \u00een cinci puncte, care include cerin\u021be precum \u00eencetarea luptelor, oprirea asasin\u0103rilor oficialilor s\u0103i, garan\u021bii c\u0103 nu vor fi ini\u021biate alte ac\u021biuni militare \u00eempotriva sa, desp\u0103gubiri pentru daunele cauzate de conflictul actual \u0219i controlul asupra str\u00e2mtorii Hormuz.<\/p>\n","protected":false},"excerpt":{"rendered":"<p>\u00centr-o recent\u0103 postare pe platforma X, prim-ministrul pakistanez, Sharif, a reafirmat solidaritatea Pakistanului cu Iranul, condamn\u00e2nd atacurile israeliene. De asemenea, acesta a mul\u021bumit lui Pezeshkian pentru recunoa\u0219terea eforturilor sincere ale Pakistanului \u00een promovarea p\u0103cii \u0219i facilitarea dialogului \u00een regiune, conform The Guardian. Azi, Ministerul de Externe al Pakistanului a anun\u021bat c\u0103 ministrul de externe, Ishaq [&hellip;]<\/p>\n","protected":false},"author":2,"featured_media":10727,"comment_status":"open","ping_status":"open","sticky":false,"template":"","format":"standard","meta":{"jnews-multi-image_gallery":[],"jnews_single_post":[],"jnews_primary_category":[],"jnews_override_counter":[],"footnotes":""},"categories":[41],"tags":[13635,1747,913,268,810,686,10353,1357],"class_list":["post-10726","post","type-post","status-publish","format-standard","has-post-thumbnail","hentry","category-externe","tag-arabe","tag-diplomatie","tag-iran","tag-israel","tag-mediere","tag-negocieri","tag-pakistan","tag-tensiuni"],"_links":{"self":[{"href":"https:\/\/www.newsrecorder.ro\/app\/wp-json\/wp\/v2\/posts\/10726","targetHints":{"allow":["GET"]}}],"collection":[{"href":"https:\/\/www.newsrecorder.ro\/app\/wp-json\/wp\/v2\/posts"}],"about":[{"href":"https:\/\/www.newsrecorder.ro\/app\/wp-json\/wp\/v2\/types\/post"}],"author":[{"embeddable":true,"href":"https:\/\/www.newsrecorder.ro\/app\/wp-json\/wp\/v2\/users\/2"}],"replies":[{"embeddable":true,"href":"https:\/\/www.newsrecorder.ro\/app\/wp-json\/wp\/v2\/comments?post=10726"}],"version-history":[{"count":0,"href":"https:\/\/www.newsrecorder.ro\/app\/wp-json\/wp\/v2\/posts\/10726\/revisions"}],"wp:featuredmedia":[{"embeddable":true,"href":"https:\/\/www.newsrecorder.ro\/app\/wp-json\/wp\/v2\/media\/10727"}],"wp:attachment":[{"href":"https:\/\/www.newsrecorder.ro\/app\/wp-json\/wp\/v2\/media?parent=10726"}],"wp:term":[{"taxonomy":"category","embeddable":true,"href":"https:\/\/www.newsrecorder.ro\/app\/wp-json\/wp\/v2\/categories?post=10726"},{"taxonomy":"post_tag","embeddable":true,"href":"https:\/\/www.newsrecorder.ro\/app\/wp-json\/wp\/v2\/tags?post=10726"}],"curies":[{"name":"wp","href":"https:\/\/api.w.org\/{rel}","templated":true}]}}