{"id":10734,"date":"2026-03-28T10:44:35","date_gmt":"2026-03-28T10:44:35","guid":{"rendered":"https:\/\/www.newsrecorder.ro\/app\/2026\/03\/28\/israelul-intensifica-atacurile-asupra-libanului-noi-escaladari\/"},"modified":"2026-03-28T10:44:35","modified_gmt":"2026-03-28T10:44:35","slug":"israelul-intensifica-atacurile-asupra-libanului-noi-escaladari","status":"publish","type":"post","link":"https:\/\/www.newsrecorder.ro\/app\/2026\/03\/28\/israelul-intensifica-atacurile-asupra-libanului-noi-escaladari\/","title":{"rendered":"Israelul intensific\u0103 atacurile asupra Libanului: noi escalad\u0103ri!"},"content":{"rendered":"<p>Agen\u021bia na\u021bional\u0103 de \u0219tiri din Liban a raportat recent o serie de atacuri aeriene efectuate de Israel, care au avut loc \u00een zori asupra ora\u0219ului Majdal Selm. Aceste bombardamente au fost urmate de atacuri repetate asupra altor localit\u0103\u021bi, inclusiv Kafra, Hanniyeh, Touline \u0219i Adloun. De asemenea, au fost \u00eenregistrate mai multe lovituri israeliene asupra ora\u0219ului Nabatiyeh, care au vizat at\u00e2t cl\u0103diri reziden\u021biale \u0219i comerciale, c\u00e2t \u0219i o sta\u021bie de alimentare cu combustibil, conform informa\u021biilor oferite de <a href=\"https:\/\/www.theguardian.com\/world\/live\/2026\/mar\/28\/middle-east-crisis-live-iran-war-updates-trump-us-negotiations-israel-strikes-lebanon-tehran-syria-explosions?page=with:block-69c786af8f084d6bedab59f2#block-69c786af8f084d6bedab59f2\" target=\"_blank\" rel=\"noopener\">The Guardian<\/a>.<\/p>\n<p>\u00cen plus, agen\u021bia a men\u021bionat \u0219i atacurile asupra ora\u0219elor de frontier\u0103, cu un accent special pe ora\u0219ul Taybeh, unde for\u021bele inamice au \u00eencercat s\u0103 avanseze spre zona Litani.<\/p>\n<p>Hezbollah, gruparea militant\u0103 libanez\u0103, a anun\u021bat c\u0103 a efectuat atacuri asupra adun\u0103rilor for\u021belor israeliene \u00een Debel, un ora\u0219 de frontier\u0103 cu o popula\u021bie majoritar cre\u0219tin\u0103, care \u00eenc\u0103 mai este locuit de c\u00e2\u021biva reziden\u021bi.<\/p>\n","protected":false},"excerpt":{"rendered":"<p>Agen\u021bia na\u021bional\u0103 de \u0219tiri din Liban a raportat recent o serie de atacuri aeriene efectuate de Israel, care au avut loc \u00een zori asupra ora\u0219ului Majdal Selm. Aceste bombardamente au fost urmate de atacuri repetate asupra altor localit\u0103\u021bi, inclusiv Kafra, Hanniyeh, Touline \u0219i Adloun. De asemenea, au fost \u00eenregistrate mai multe lovituri israeliene asupra ora\u0219ului [&hellip;]<\/p>\n","protected":false},"author":2,"featured_media":10735,"comment_status":"open","ping_status":"open","sticky":false,"template":"","format":"standard","meta":{"jnews-multi-image_gallery":[],"jnews_single_post":[],"jnews_primary_category":[],"jnews_override_counter":[],"footnotes":""},"categories":[41],"tags":[3608,2185,268,2183,13652,13649,13650,13651],"class_list":["post-10734","post","type-post","status-publish","format-standard","has-post-thumbnail","hentry","category-externe","tag-atacuri-aeriene","tag-hezbollah","tag-israel","tag-liban","tag-litani","tag-majdal-selm","tag-nabatiyeh","tag-taybeh"],"_links":{"self":[{"href":"https:\/\/www.newsrecorder.ro\/app\/wp-json\/wp\/v2\/posts\/10734","targetHints":{"allow":["GET"]}}],"collection":[{"href":"https:\/\/www.newsrecorder.ro\/app\/wp-json\/wp\/v2\/posts"}],"about":[{"href":"https:\/\/www.newsrecorder.ro\/app\/wp-json\/wp\/v2\/types\/post"}],"author":[{"embeddable":true,"href":"https:\/\/www.newsrecorder.ro\/app\/wp-json\/wp\/v2\/users\/2"}],"replies":[{"embeddable":true,"href":"https:\/\/www.newsrecorder.ro\/app\/wp-json\/wp\/v2\/comments?post=10734"}],"version-history":[{"count":0,"href":"https:\/\/www.newsrecorder.ro\/app\/wp-json\/wp\/v2\/posts\/10734\/revisions"}],"wp:featuredmedia":[{"embeddable":true,"href":"https:\/\/www.newsrecorder.ro\/app\/wp-json\/wp\/v2\/media\/10735"}],"wp:attachment":[{"href":"https:\/\/www.newsrecorder.ro\/app\/wp-json\/wp\/v2\/media?parent=10734"}],"wp:term":[{"taxonomy":"category","embeddable":true,"href":"https:\/\/www.newsrecorder.ro\/app\/wp-json\/wp\/v2\/categories?post=10734"},{"taxonomy":"post_tag","embeddable":true,"href":"https:\/\/www.newsrecorder.ro\/app\/wp-json\/wp\/v2\/tags?post=10734"}],"curies":[{"name":"wp","href":"https:\/\/api.w.org\/{rel}","templated":true}]}}