{"id":10740,"date":"2026-03-28T10:45:25","date_gmt":"2026-03-28T10:45:25","guid":{"rendered":"https:\/\/www.newsrecorder.ro\/app\/2026\/03\/28\/trump-lanseaza-critici-dure-la-adresa-nato-pentru-razboiul-din-iran\/"},"modified":"2026-03-28T10:45:25","modified_gmt":"2026-03-28T10:45:25","slug":"trump-lanseaza-critici-dure-la-adresa-nato-pentru-razboiul-din-iran","status":"publish","type":"post","link":"https:\/\/www.newsrecorder.ro\/app\/2026\/03\/28\/trump-lanseaza-critici-dure-la-adresa-nato-pentru-razboiul-din-iran\/","title":{"rendered":"Trump lanseaz\u0103 critici dure la adresa NATO pentru r\u0103zboiul din Iran"},"content":{"rendered":"<p>\u00cen cadrul unei conferin\u021be de investi\u021bii desf\u0103\u0219urat\u0103 vineri sear\u0103 la Miami, Donald Trump a adus \u00een discu\u021bie absen\u021ba sprijinului NATO \u00een contextul conflictului din Iran, afirm\u00e2nd c\u0103 \u201eNATO pur \u0219i simplu nu a fost acolo\u201d. El a caracterizat aceast\u0103 lips\u0103 de asisten\u021b\u0103 ca fiind \u201eo gre\u0219eal\u0103 uria\u0219\u0103\u201d din partea \u021b\u0103rilor europene.<\/p>\n<p>Critic\u00e2nd organiza\u021bia, Trump a subliniat: \u201eCheltuim sute de miliarde de dolari pe an pentru NATO, pentru a-i proteja, \u0219i am fi fost \u00eentotdeauna al\u0103turi de ei. Dar acum, av\u00e2nd \u00een vedere ac\u021biunile lor, cred c\u0103 nu mai trebuie s\u0103 fim\u201d. Conform <a href=\"https:\/\/www.reuters.com\/world\/trump-says-we-dont-have-be-there-nato-2026-03-27\/\" target=\"_blank\" rel=\"noopener\">Reuters<\/a>, el a continuat s\u0103 \u00ee\u0219i exprime nedumerirea: \u201eDe ce am fi acolo pentru ei dac\u0103 ei nu sunt acolo pentru noi? Nu au fost acolo pentru noi\u201d.<\/p>\n<p>Rela\u021bia dintre Washington \u0219i Bruxelles a fost marcat\u0103 de tensiuni de-a lungul timpului. Pre\u0219edintele Statelor Unite a avut o atitudine fluctuant\u0103 fa\u021b\u0103 de Alian\u021ba Nord-Atlantic\u0103, exprim\u00e2nd \u00een repetate r\u00e2nduri \u00eendoieli cu privire la angajamentul s\u0103u de a respecta Articolul 5 al NATO, care stipuleaz\u0103 c\u0103 un atac asupra unui stat membru este considerat un atac \u00eempotriva tuturor.<\/p>\n<p>\u00cen contextul campaniei electorale din 2024, Trump a avut un discurs controversat, \u00eendemn\u00e2nd public pe liderul rus Vladimir Putin s\u0103 \u00ee\u0219i \u00eendrepte aten\u021bia c\u0103tre \u021b\u0103rile europene din NATO care nu respect\u0103 angajamentele de cheltuieli pentru ap\u0103rare. Ace\u0219ti pa\u0219i au generat \u00eengrijor\u0103ri \u00een r\u00e2ndul liderilor europeni, mai ales c\u0103 rela\u021biile dintre Trump \u0219i ace\u0219tia p\u0103reau s\u0103 se \u00eembun\u0103t\u0103\u021beasc\u0103 \u00een 2025, dar s-au deteriorat din nou \u00een 2026, pe fondul amenin\u021b\u0103rilor sale legate de o posibil\u0103 invazie a Groenlandei, teritoriu al Danemarcei.<\/p>\n","protected":false},"excerpt":{"rendered":"<p>\u00cen cadrul unei conferin\u021be de investi\u021bii desf\u0103\u0219urat\u0103 vineri sear\u0103 la Miami, Donald Trump a adus \u00een discu\u021bie absen\u021ba sprijinului NATO \u00een contextul conflictului din Iran, afirm\u00e2nd c\u0103 \u201eNATO pur \u0219i simplu nu a fost acolo\u201d. El a caracterizat aceast\u0103 lips\u0103 de asisten\u021b\u0103 ca fiind \u201eo gre\u0219eal\u0103 uria\u0219\u0103\u201d din partea \u021b\u0103rilor europene. Critic\u00e2nd organiza\u021bia, Trump a [&hellip;]<\/p>\n","protected":false},"author":2,"featured_media":10741,"comment_status":"open","ping_status":"open","sticky":false,"template":"","format":"standard","meta":{"jnews-multi-image_gallery":[],"jnews_single_post":[],"jnews_primary_category":[],"jnews_override_counter":[],"footnotes":""},"categories":[41],"tags":[4944,2587,8865,31,420,352,429,1357],"class_list":["post-10740","post","type-post","status-publish","format-standard","has-post-thumbnail","hentry","category-externe","tag-asistenta","tag-bruxelles","tag-conflict-iran","tag-jnews_demo_donald-trump","tag-investitii","tag-nato","tag-relatii-internationale","tag-tensiuni"],"_links":{"self":[{"href":"https:\/\/www.newsrecorder.ro\/app\/wp-json\/wp\/v2\/posts\/10740","targetHints":{"allow":["GET"]}}],"collection":[{"href":"https:\/\/www.newsrecorder.ro\/app\/wp-json\/wp\/v2\/posts"}],"about":[{"href":"https:\/\/www.newsrecorder.ro\/app\/wp-json\/wp\/v2\/types\/post"}],"author":[{"embeddable":true,"href":"https:\/\/www.newsrecorder.ro\/app\/wp-json\/wp\/v2\/users\/2"}],"replies":[{"embeddable":true,"href":"https:\/\/www.newsrecorder.ro\/app\/wp-json\/wp\/v2\/comments?post=10740"}],"version-history":[{"count":0,"href":"https:\/\/www.newsrecorder.ro\/app\/wp-json\/wp\/v2\/posts\/10740\/revisions"}],"wp:featuredmedia":[{"embeddable":true,"href":"https:\/\/www.newsrecorder.ro\/app\/wp-json\/wp\/v2\/media\/10741"}],"wp:attachment":[{"href":"https:\/\/www.newsrecorder.ro\/app\/wp-json\/wp\/v2\/media?parent=10740"}],"wp:term":[{"taxonomy":"category","embeddable":true,"href":"https:\/\/www.newsrecorder.ro\/app\/wp-json\/wp\/v2\/categories?post=10740"},{"taxonomy":"post_tag","embeddable":true,"href":"https:\/\/www.newsrecorder.ro\/app\/wp-json\/wp\/v2\/tags?post=10740"}],"curies":[{"name":"wp","href":"https:\/\/api.w.org\/{rel}","templated":true}]}}