{"id":10760,"date":"2026-03-28T14:47:04","date_gmt":"2026-03-28T14:47:04","guid":{"rendered":"https:\/\/www.newsrecorder.ro\/app\/2026\/03\/28\/donald-trump-ameninta-cuba-va-fi-urmatoarea-tinta\/"},"modified":"2026-03-28T14:47:04","modified_gmt":"2026-03-28T14:47:04","slug":"donald-trump-ameninta-cuba-va-fi-urmatoarea-tinta","status":"publish","type":"post","link":"https:\/\/www.newsrecorder.ro\/app\/2026\/03\/28\/donald-trump-ameninta-cuba-va-fi-urmatoarea-tinta\/","title":{"rendered":"\u201eDonald Trump amenin\u021b\u0103: \u201eCuba va fi urm\u0103toarea \u021bint\u0103!\u201d"},"content":{"rendered":"<p>Guvernul cubanez, \u00een contextul unei presiuni cresc\u00e2nde din partea lui Donald Trump, se confrunt\u0103 cu o situa\u021bie delicat\u0103. Din ianuarie, fostul pre\u0219edinte american a impus o blocad\u0103 petrolier\u0103 de facto \u0219i a sugerat chiar o posibil\u0103 \u201eluare\u201d a insulei caraibiene, conform informa\u021biilor prezentate de <a href=\"https:\/\/www.lefigaro.fr\/international\/cuba-est-le-prochain-menace-donald-trump-affirmant-avoir-toujours-le-soutien-de-sa-base-maga-20260328\" target=\"_blank\" rel=\"noopener\">Le Figaro<\/a>.<\/p>\n<p>\u00cen cadrul forumului de investi\u021bii FII Priority, organizat de Arabia Saudit\u0103 la Miami, Trump a declarat c\u0103 mi\u0219carea sa \u201eMake America Great Again\u201d (MAGA) aspir\u0103 la \u201eputere\u201d \u0219i \u201evictorie\u201d, amintind de raidul din ianuarie prin care for\u021bele americane l-au capturat pe pre\u0219edintele venezuelean Nicolas Maduro. \u201eAm construit o armat\u0103 puternic\u0103. Am spus: \u00abNu va trebui niciodat\u0103 s\u0103 o folosi\u021bi\u00bb, dar uneori situa\u021bia te oblig\u0103\u201d, a afirmat Trump. \u201e\u0218i Cuba este urm\u0103toarea, apropo. Dar pref\u0103-te c\u0103 nu am spus nimic.\u201d<\/p>\n<p>\u00cen timpul discursului s\u0103u, Trump a adus z\u00e2mbete \u00een r\u00e2ndul publicului, numind Str\u00e2mtoarea Ormuz \u201estr\u00e2mtoarea Trump\u201d, \u00eens\u0103 nu a detaliat ce planuri are pentru Cuba. El a \u00eencurajat jurnali\u0219tii s\u0103 \u201eignore aceast\u0103 declara\u021bie\u201d \u00eenainte de a repeta c\u0103 \u201eCuba este urm\u0103toarea\u201d.<\/p>\n<p>\u00cen r\u0103spuns la aceste amenin\u021b\u0103ri, liderul cubanez Miguel Diaz-Canel a declarat s\u0103pt\u0103m\u00e2na trecut\u0103 c\u0103 orice agresor extern se va confrunta cu o \u201erezisten\u021b\u0103 indestructibil\u0103\u201d, chiar \u0219i \u00een fa\u021ba penuriilor de energie electric\u0103 care au afectat \u021bara, rezult\u00e2nd \u00een dou\u0103 pene de curent na\u021bionale \u00eentr-o singur\u0103 s\u0103pt\u0103m\u00e2n\u0103.<\/p>\n<p>De-a lungul decadelor, Statele Unite au aplicat un <a href=\"https:\/\/www.mediafax.ro\/externe\/cuba-din-nou-in-intuneric-a-saptea-pana-totala-de-curent-in-18-luni-lasa-10-milioane-fara-lumina-23707697\" target=\"_blank\" rel=\"noopener\">embargou comercial asupra Cubei<\/a>. De\u0219i rela\u021biile s-au \u00eembun\u0103t\u0103\u021bit \u00een ultimii ani, acestea s-au deteriorat din nou odat\u0103 cu revenirea lui Trump la putere, acesta av\u00e2nd ca scop consolidarea influen\u021bei Washingtonului \u00een America Latin\u0103.<\/p>\n<p>Recent, un diplomat cubanez a afirmat c\u0103 Havana este deschis\u0103 la continuarea dialogului cu Washingtonul, \u00eens\u0103 discutarea unei posibile schimb\u0103ri a sistemului s\u0103u politic este exclus\u0103. De asemenea, dou\u0103 veliere dintr-un convoi interna\u021bional care transporta provizii medicale, alimente, panouri solare \u0219i alte bunuri destinate Cubei au disp\u0103rut vineri, ad\u00e2ncind \u0219i mai mult incertitudinea \u00een privin\u021ba situa\u021biei umanit\u0103\u021bii din \u021bar\u0103.<\/p>\n","protected":false},"excerpt":{"rendered":"<p>Guvernul cubanez, \u00een contextul unei presiuni cresc\u00e2nde din partea lui Donald Trump, se confrunt\u0103 cu o situa\u021bie delicat\u0103. Din ianuarie, fostul pre\u0219edinte american a impus o blocad\u0103 petrolier\u0103 de facto \u0219i a sugerat chiar o posibil\u0103 \u201eluare\u201d a insulei caraibiene, conform informa\u021biilor prezentate de Le Figaro. \u00cen cadrul forumului de investi\u021bii FII Priority, organizat de [&hellip;]<\/p>\n","protected":false},"author":2,"featured_media":10761,"comment_status":"open","ping_status":"open","sticky":false,"template":"","format":"standard","meta":{"jnews-multi-image_gallery":[],"jnews_single_post":[],"jnews_primary_category":[],"jnews_override_counter":[],"footnotes":""},"categories":[39],"tags":[10384,5032,1734,420,3471,8772,1735,2062],"class_list":["post-10760","post","type-post","status-publish","format-standard","has-post-thumbnail","hentry","category-stirile-zilei","tag-blocada","tag-caraibe","tag-cuba","tag-investitii","tag-putere","tag-stramtoarea-ormuz","tag-trump","tag-venezuela"],"_links":{"self":[{"href":"https:\/\/www.newsrecorder.ro\/app\/wp-json\/wp\/v2\/posts\/10760","targetHints":{"allow":["GET"]}}],"collection":[{"href":"https:\/\/www.newsrecorder.ro\/app\/wp-json\/wp\/v2\/posts"}],"about":[{"href":"https:\/\/www.newsrecorder.ro\/app\/wp-json\/wp\/v2\/types\/post"}],"author":[{"embeddable":true,"href":"https:\/\/www.newsrecorder.ro\/app\/wp-json\/wp\/v2\/users\/2"}],"replies":[{"embeddable":true,"href":"https:\/\/www.newsrecorder.ro\/app\/wp-json\/wp\/v2\/comments?post=10760"}],"version-history":[{"count":0,"href":"https:\/\/www.newsrecorder.ro\/app\/wp-json\/wp\/v2\/posts\/10760\/revisions"}],"wp:featuredmedia":[{"embeddable":true,"href":"https:\/\/www.newsrecorder.ro\/app\/wp-json\/wp\/v2\/media\/10761"}],"wp:attachment":[{"href":"https:\/\/www.newsrecorder.ro\/app\/wp-json\/wp\/v2\/media?parent=10760"}],"wp:term":[{"taxonomy":"category","embeddable":true,"href":"https:\/\/www.newsrecorder.ro\/app\/wp-json\/wp\/v2\/categories?post=10760"},{"taxonomy":"post_tag","embeddable":true,"href":"https:\/\/www.newsrecorder.ro\/app\/wp-json\/wp\/v2\/tags?post=10760"}],"curies":[{"name":"wp","href":"https:\/\/api.w.org\/{rel}","templated":true}]}}