{"id":10764,"date":"2026-03-28T15:06:02","date_gmt":"2026-03-28T15:06:02","guid":{"rendered":"https:\/\/www.newsrecorder.ro\/app\/2026\/03\/28\/judecatoare-romana-decide-soarta-regimului-din-belarus-pentru-crime-umanitatii\/"},"modified":"2026-03-28T15:06:02","modified_gmt":"2026-03-28T15:06:02","slug":"judecatoare-romana-decide-soarta-regimului-din-belarus-pentru-crime-umanitatii","status":"publish","type":"post","link":"https:\/\/www.newsrecorder.ro\/app\/2026\/03\/28\/judecatoare-romana-decide-soarta-regimului-din-belarus-pentru-crime-umanitatii\/","title":{"rendered":"Judec\u0103toare rom\u00e2n\u0103 decide soarta regimului din Belarus pentru crime umanit\u0103\u021bii"},"content":{"rendered":"<p>Un complet format din trei judec\u0103toare va decide dac\u0103 regimul lui Luka\u0219enko din Belarus va fi judecat de Curtea Penal\u0103 Interna\u021bional\u0103. \u00cen aceast\u0103 echip\u0103 se afl\u0103 \u0219i o judec\u0103toare rom\u00e2n\u0103, conform informa\u021biilor furnizate de Nexta.<\/p>\n<p>Iulia Motoc, judec\u0103toare la Curtea Penal\u0103 Interna\u021bional\u0103 din Haga \u00eencep\u00e2nd cu anul 2024, \u00ee\u0219i aduce contribu\u021bia \u00een acest caz. Aceasta are o experien\u021b\u0103 vast\u0103, av\u00e2nd \u00een spate func\u021bii importante la Curtea European\u0103 a Drepturilor Omului \u0219i la Curtea Constitu\u021bional\u0103 a Rom\u00e2niei.<\/p>\n<p>Pe l\u00e2ng\u0103 Iulia Motoc, completul care va analiza situa\u021bia din Belarus este alc\u0103tuit din Rene Alapini-Gansou din Benin \u0219i Socorro Flores Liera din Mexic.<\/p>\n<p>Investiga\u021bia vizeaz\u0103 posibile crime \u00eempotriva umanit\u0103\u021bii, incluz\u00e2nd deportarea for\u021bat\u0103 a cet\u0103\u021benilor belaru\u0219i \u0219i persecutarea opozan\u021bilor regimului. Demararea acestei anchete a avut loc la cererea Lituaniei, av\u00e2nd \u00een vedere c\u0103 unele dintre infrac\u021biunile investigate ar putea afecta teritoriul acestei \u021b\u0103ri baltice.<\/p>\n<p>Aceasta reprezint\u0103 prima etap\u0103 a procedurii legale. Cele trei judec\u0103toare vor decide dac\u0103 dosarul va avansa \u0219i dac\u0103 vor fi formulate acuza\u021bii specifice \u00eempotriva celor implica\u021bi.<\/p>\n","protected":false},"excerpt":{"rendered":"<p>Un complet format din trei judec\u0103toare va decide dac\u0103 regimul lui Luka\u0219enko din Belarus va fi judecat de Curtea Penal\u0103 Interna\u021bional\u0103. \u00cen aceast\u0103 echip\u0103 se afl\u0103 \u0219i o judec\u0103toare rom\u00e2n\u0103, conform informa\u021biilor furnizate de Nexta. Iulia Motoc, judec\u0103toare la Curtea Penal\u0103 Interna\u021bional\u0103 din Haga \u00eencep\u00e2nd cu anul 2024, \u00ee\u0219i aduce contribu\u021bia \u00een acest caz. Aceasta [&hellip;]<\/p>\n","protected":false},"author":2,"featured_media":10765,"comment_status":"open","ping_status":"open","sticky":false,"template":"","format":"standard","meta":{"jnews-multi-image_gallery":[],"jnews_single_post":[],"jnews_primary_category":[],"jnews_override_counter":[],"footnotes":""},"categories":[39],"tags":[1031,2906,7086,13676,13675,1727,1033,13677],"class_list":["post-10764","post","type-post","status-publish","format-standard","has-post-thumbnail","hentry","category-stirile-zilei","tag-belarus","tag-crime-impotriva-umanitatii","tag-curtea-penala-internationala","tag-deportare-fortata","tag-iulia-motoc","tag-judecatoare","tag-lituania","tag-opozanti"],"_links":{"self":[{"href":"https:\/\/www.newsrecorder.ro\/app\/wp-json\/wp\/v2\/posts\/10764","targetHints":{"allow":["GET"]}}],"collection":[{"href":"https:\/\/www.newsrecorder.ro\/app\/wp-json\/wp\/v2\/posts"}],"about":[{"href":"https:\/\/www.newsrecorder.ro\/app\/wp-json\/wp\/v2\/types\/post"}],"author":[{"embeddable":true,"href":"https:\/\/www.newsrecorder.ro\/app\/wp-json\/wp\/v2\/users\/2"}],"replies":[{"embeddable":true,"href":"https:\/\/www.newsrecorder.ro\/app\/wp-json\/wp\/v2\/comments?post=10764"}],"version-history":[{"count":0,"href":"https:\/\/www.newsrecorder.ro\/app\/wp-json\/wp\/v2\/posts\/10764\/revisions"}],"wp:featuredmedia":[{"embeddable":true,"href":"https:\/\/www.newsrecorder.ro\/app\/wp-json\/wp\/v2\/media\/10765"}],"wp:attachment":[{"href":"https:\/\/www.newsrecorder.ro\/app\/wp-json\/wp\/v2\/media?parent=10764"}],"wp:term":[{"taxonomy":"category","embeddable":true,"href":"https:\/\/www.newsrecorder.ro\/app\/wp-json\/wp\/v2\/categories?post=10764"},{"taxonomy":"post_tag","embeddable":true,"href":"https:\/\/www.newsrecorder.ro\/app\/wp-json\/wp\/v2\/tags?post=10764"}],"curies":[{"name":"wp","href":"https:\/\/api.w.org\/{rel}","templated":true}]}}