{"id":10794,"date":"2026-03-28T23:12:01","date_gmt":"2026-03-28T23:12:01","guid":{"rendered":"https:\/\/www.newsrecorder.ro\/app\/2026\/03\/28\/finala-electrizanta-de-la-miami-aryna-sabalenka-vs-coco-gauff\/"},"modified":"2026-03-28T23:12:01","modified_gmt":"2026-03-28T23:12:01","slug":"finala-electrizanta-de-la-miami-aryna-sabalenka-vs-coco-gauff","status":"publish","type":"post","link":"https:\/\/www.newsrecorder.ro\/app\/2026\/03\/28\/finala-electrizanta-de-la-miami-aryna-sabalenka-vs-coco-gauff\/","title":{"rendered":"Finala electrizant\u0103 de la Miami: Aryna Sabalenka vs. Coco Gauff!"},"content":{"rendered":"<p>Aryna Sabalenka a reu\u0219it s\u0103 o \u00eenving\u0103 pe Elena Rybakina \u00een semifinalele turneului de joi seara, cu un scor de 6-4, 6-3, \u00eentr-un meci care a durat o or\u0103 \u0219i 19 minute.<\/p>\n<p>Dup\u0103 meci, Sabalenka a declarat: \u201e\u00cemi place foarte mult rivalitatea noastr\u0103. Elena este o juc\u0103toare incredibil\u0103, care m\u0103 \u00eempinge mereu la limit\u0103. Cu ea, trebuie s\u0103 dai tot ce ai mai bun. Cred c\u0103 am jucat bine \u0219i, de\u0219i ea a avut o presta\u021bie excelent\u0103, am reu\u0219it s\u0103 o pun la grea \u00eencercare. Sunt m\u00e2ndr\u0103 de aceast\u0103 victorie.\u201d Aceste cuvinte au fost raportate de <a style=\"color: #0000ff\" href=\"https:\/\/www.wtatennis.com\/news\/4477126\/sabalenka-delivers-commanding-victory-over-rybakina-to-reach-second-straight-miami-final\" target=\"_blank\" rel=\"noopener\">wtatennis.com<\/a>.<\/p>\n<p>\u00cen aceea\u0219i zi, Coco Gauff a \u00eenregistrat o victorie impresionant\u0103 \u00eempotriva Karolinei Muchova, cu 6-1, 6-1, avans\u00e2nd astfel \u00een final\u0103.<\/p>\n<p>\u00cen ceea ce prive\u0219te \u00eent\u00e2lnirile directe, Sabalenka \u0219i Gauff se afl\u0103 la egalitate, fiecare av\u00e2nd c\u00e2te \u0219ase victorii \u00een confrunt\u0103rile anterioare.<\/p>\n<p>Dac\u0103 Sabalenka reu\u0219e\u0219te s\u0103 o \u00eenfrunte pe Gauff \u0219i s\u0103 c\u00e2\u0219tige, aceasta ar marca al treilea titlu al s\u0103u din acest sezon, dup\u0103 succesele de la Brisbane \u0219i Indian Wells. Aryna a men\u021bionat c\u0103 este con\u0219tient\u0103 de provoc\u0103rile pe care le va aduce finala.<\/p>\n<p>\u201eMulte schimburi de mingi, mult\u0103 emo\u021bie, agresivitate \u0219i distrac\u021bie. Va fi o lupt\u0103 \u0219i sunt extrem de entuziasmat\u0103 s\u0103 joc din nou \u00eempotriva ei \u00eentr-o final\u0103,\u201d a ad\u0103ugat juc\u0103toarea, care ocup\u0103 pozi\u021bia de lider mondial \u00een clasamentul WTA.<\/p>\n","protected":false},"excerpt":{"rendered":"<p>Aryna Sabalenka a reu\u0219it s\u0103 o \u00eenving\u0103 pe Elena Rybakina \u00een semifinalele turneului de joi seara, cu un scor de 6-4, 6-3, \u00eentr-un meci care a durat o or\u0103 \u0219i 19 minute. Dup\u0103 meci, Sabalenka a declarat: \u201e\u00cemi place foarte mult rivalitatea noastr\u0103. Elena este o juc\u0103toare incredibil\u0103, care m\u0103 \u00eempinge mereu la limit\u0103. Cu [&hellip;]<\/p>\n","protected":false},"author":6,"featured_media":10795,"comment_status":"open","ping_status":"open","sticky":false,"template":"","format":"standard","meta":{"jnews-multi-image_gallery":[],"jnews_single_post":[],"jnews_primary_category":[],"jnews_override_counter":[],"footnotes":""},"categories":[46],"tags":[962,848,1523,13424,1787,1100,1251,64],"class_list":["post-10794","post","type-post","status-publish","format-standard","has-post-thumbnail","hentry","category-sport","tag-aryna-sabalenka","tag-coco-gauff","tag-elena-rybakina","tag-karolina-muchova","tag-rivalitate","tag-semifinala","tag-turneu","tag-victorie"],"_links":{"self":[{"href":"https:\/\/www.newsrecorder.ro\/app\/wp-json\/wp\/v2\/posts\/10794","targetHints":{"allow":["GET"]}}],"collection":[{"href":"https:\/\/www.newsrecorder.ro\/app\/wp-json\/wp\/v2\/posts"}],"about":[{"href":"https:\/\/www.newsrecorder.ro\/app\/wp-json\/wp\/v2\/types\/post"}],"author":[{"embeddable":true,"href":"https:\/\/www.newsrecorder.ro\/app\/wp-json\/wp\/v2\/users\/6"}],"replies":[{"embeddable":true,"href":"https:\/\/www.newsrecorder.ro\/app\/wp-json\/wp\/v2\/comments?post=10794"}],"version-history":[{"count":0,"href":"https:\/\/www.newsrecorder.ro\/app\/wp-json\/wp\/v2\/posts\/10794\/revisions"}],"wp:featuredmedia":[{"embeddable":true,"href":"https:\/\/www.newsrecorder.ro\/app\/wp-json\/wp\/v2\/media\/10795"}],"wp:attachment":[{"href":"https:\/\/www.newsrecorder.ro\/app\/wp-json\/wp\/v2\/media?parent=10794"}],"wp:term":[{"taxonomy":"category","embeddable":true,"href":"https:\/\/www.newsrecorder.ro\/app\/wp-json\/wp\/v2\/categories?post=10794"},{"taxonomy":"post_tag","embeddable":true,"href":"https:\/\/www.newsrecorder.ro\/app\/wp-json\/wp\/v2\/tags?post=10794"}],"curies":[{"name":"wp","href":"https:\/\/api.w.org\/{rel}","templated":true}]}}