{"id":10802,"date":"2026-03-28T23:13:55","date_gmt":"2026-03-28T23:13:55","guid":{"rendered":"https:\/\/www.newsrecorder.ro\/app\/2026\/03\/28\/bucuresti-ploaie-si-vant-puternic-vreme-rece-in-weekend\/"},"modified":"2026-03-28T23:13:55","modified_gmt":"2026-03-28T23:13:55","slug":"bucuresti-ploaie-si-vant-puternic-vreme-rece-in-weekend","status":"publish","type":"post","link":"https:\/\/www.newsrecorder.ro\/app\/2026\/03\/28\/bucuresti-ploaie-si-vant-puternic-vreme-rece-in-weekend\/","title":{"rendered":"Bucure\u0219ti: Ploaie \u0219i v\u00e2nt puternic, vreme rece \u00een weekend!"},"content":{"rendered":"<p class=\"font-claude-response-body break-words whitespace-normal leading-[1.7]\">P\u00e2n\u0103 vineri, 27 martie, ora 08:00, Bucure\u0219tiul se va bucura de o vreme pl\u0103cut\u0103, cu temperaturi ce dep\u0103\u0219esc normele specifice acestei perioade. Cerul va fi variabil, iar v\u00e2ntul va sufla cu intensitate slab\u0103 p\u00e2n\u0103 la moderat\u0103. Noaptea, se a\u0219teapt\u0103 o u\u0219oar\u0103 intensificare a v\u00e2ntului, cu rafale ce pot atinge 45 km\/h. Valoarea maxim\u0103 a temperaturii va fi de 18\u201319 grade, \u00een timp ce minima se va situa \u00eentre 4 \u0219i 5 grade.<\/p>\n<p class=\"font-claude-response-body break-words whitespace-normal leading-[1.7]\">Vineri, 27 martie, vremea va fi ceva mai cald\u0103 dec\u00e2t \u00een mod obi\u0219nuit pentru acest moment al anului. \u00cennor\u0103rile vor deveni mai accentuate pe parcursul zilei, iar din a doua parte a zilei sunt prognozate ploi, cu averse de intensitate moderat\u0103. Intensific\u0103rile v\u00e2ntului se vor resim\u021bi mai ales \u00een prima parte a zilei, cu rafale ce pot ajunge la 50\u201355 km\/h. Temperaturile vor varia, cu maxime de 15\u201316 grade \u0219i minime \u00eentre 5 \u0219i 7 grade.<\/p>\n<p class=\"font-claude-response-body break-words whitespace-normal leading-[1.7]\">S\u00e2mb\u0103t\u0103, 28 martie, vremea se va r\u0103ci semnificativ. Cerul va fi predominant noros, iar precipita\u021biile vor fi moderate cantitativ. V\u00e2ntul va continua s\u0103 sufle cu o intensitate moderat\u0103. Temperaturile maxime vor atinge 10\u201311 grade, iar cele minime se vor men\u021bine \u00eentre 4 \u0219i 5 grade.<\/p>\n<p class=\"font-claude-response-body break-words whitespace-normal leading-[1.7]\">Duminic\u0103, 29 martie, \u00eentre ora 09:00 \u0219i luni, 30 martie, ora 10:00, cerul va r\u0103m\u00e2ne \u00eennorat, iar ploiuile vor continua. V\u00e2ntul va sufla slab p\u00e2n\u0103 la moderat. Temperaturile maxime vor fi \u00een jur de 11 grade, iar cele minime se vor situa \u00een jurul valorii de 5\u20136 grade.<\/p>\n<p class=\"font-claude-response-body break-words whitespace-normal leading-[1.7]\">De asemenea, \u00een perioada 26 martie, ora 12:00 \u2013 30 martie, ora 10:00, Bucure\u0219tiul va fi sub inciden\u021ba unei inform\u0103ri meteorologice. Aceasta se refer\u0103 la intensificarea v\u00e2ntului \u0219i la precipita\u021bii moderate cantitativ, ceea ce va afecta condi\u021biile meteorologice din ora\u0219.<\/p>\n","protected":false},"excerpt":{"rendered":"<p>P\u00e2n\u0103 vineri, 27 martie, ora 08:00, Bucure\u0219tiul se va bucura de o vreme pl\u0103cut\u0103, cu temperaturi ce dep\u0103\u0219esc normele specifice acestei perioade. Cerul va fi variabil, iar v\u00e2ntul va sufla cu intensitate slab\u0103 p\u00e2n\u0103 la moderat\u0103. Noaptea, se a\u0219teapt\u0103 o u\u0219oar\u0103 intensificare a v\u00e2ntului, cu rafale ce pot atinge 45 km\/h. Valoarea maxim\u0103 a temperaturii [&hellip;]<\/p>\n","protected":false},"author":5,"featured_media":10803,"comment_status":"open","ping_status":"open","sticky":false,"template":"","format":"standard","meta":{"jnews-multi-image_gallery":[],"jnews_single_post":[],"jnews_primary_category":[],"jnews_override_counter":[],"footnotes":""},"categories":[45],"tags":[362,5163,12471,132,5680,126,137,125],"class_list":["post-10802","post","type-post","status-publish","format-standard","has-post-thumbnail","hentry","category-meteo","tag-bucuresti","tag-martie","tag-ploi","tag-prognoza","tag-rafale","tag-temperaturi","tag-vant","tag-vreme"],"_links":{"self":[{"href":"https:\/\/www.newsrecorder.ro\/app\/wp-json\/wp\/v2\/posts\/10802","targetHints":{"allow":["GET"]}}],"collection":[{"href":"https:\/\/www.newsrecorder.ro\/app\/wp-json\/wp\/v2\/posts"}],"about":[{"href":"https:\/\/www.newsrecorder.ro\/app\/wp-json\/wp\/v2\/types\/post"}],"author":[{"embeddable":true,"href":"https:\/\/www.newsrecorder.ro\/app\/wp-json\/wp\/v2\/users\/5"}],"replies":[{"embeddable":true,"href":"https:\/\/www.newsrecorder.ro\/app\/wp-json\/wp\/v2\/comments?post=10802"}],"version-history":[{"count":0,"href":"https:\/\/www.newsrecorder.ro\/app\/wp-json\/wp\/v2\/posts\/10802\/revisions"}],"wp:featuredmedia":[{"embeddable":true,"href":"https:\/\/www.newsrecorder.ro\/app\/wp-json\/wp\/v2\/media\/10803"}],"wp:attachment":[{"href":"https:\/\/www.newsrecorder.ro\/app\/wp-json\/wp\/v2\/media?parent=10802"}],"wp:term":[{"taxonomy":"category","embeddable":true,"href":"https:\/\/www.newsrecorder.ro\/app\/wp-json\/wp\/v2\/categories?post=10802"},{"taxonomy":"post_tag","embeddable":true,"href":"https:\/\/www.newsrecorder.ro\/app\/wp-json\/wp\/v2\/tags?post=10802"}],"curies":[{"name":"wp","href":"https:\/\/api.w.org\/{rel}","templated":true}]}}