{"id":10868,"date":"2026-03-29T07:47:44","date_gmt":"2026-03-29T07:47:44","guid":{"rendered":"https:\/\/www.newsrecorder.ro\/app\/2026\/03\/29\/tragedie-pe-stadion-un-suporter-mexican-moare-inainte-de-meciul-test-cm\/"},"modified":"2026-03-29T07:47:44","modified_gmt":"2026-03-29T07:47:44","slug":"tragedie-pe-stadion-un-suporter-mexican-moare-inainte-de-meciul-test-cm","status":"publish","type":"post","link":"https:\/\/www.newsrecorder.ro\/app\/2026\/03\/29\/tragedie-pe-stadion-un-suporter-mexican-moare-inainte-de-meciul-test-cm\/","title":{"rendered":"Tragedie pe stadion: Un suporter mexican moare \u00eenainte de meciul test CM"},"content":{"rendered":"<p>Un incident tragic a avut loc \u00eenainte de meciul amical dintre Mexic \u0219i Portugalia, care s-a \u00eencheiat cu un rezultat de 0-0. Acest meci a reprezentat redeschiderea celebrului stadion Azteca, dup\u0103 o perioad\u0103 de 22 de luni dedicate renov\u0103rilor, conform unei informa\u021bii publicate de <a href=\"https:\/\/www.lefigaro.fr\/international\/mexique-mort-d-un-supporter-avant-un-match-test-pour-la-coupe-du-monde-20260329\" target=\"_blank\" rel=\"noopener\">Le Figaro<\/a>.<\/p>\n<p>Serviciile de urgen\u021b\u0103 au raportat c\u0103 un suporter a decedat cu c\u00e2teva ore \u00eenainte de \u00eenceperea partidei, \u00een Mexico City. Potrivit surselor, victima era un b\u0103rbat de 27 de ani care a \u00eencercat s\u0103 sar\u0103 de la o \u00een\u0103l\u021bime considerabil\u0103.<\/p>\n<p>Oficialii Securit\u0103\u021bii Civile au explicat circumstan\u021bele incidentului \u00eentr-un comunicat, men\u021bion\u00e2nd: \u201eUn fan \u00een stare de ebrietate a \u00eencercat s\u0103 sar\u0103 din exteriorul stadionului de la al doilea la primul nivel \u0219i a c\u0103zut la parter\u201d.<\/p>\n<p>Stadionul Azteca, un simbol al fotbalului mondial, urmeaz\u0103 s\u0103 g\u0103zduiasc\u0103 cinci meciuri \u00een cadrul Cupei Mondiale de fotbal, inclusiv meciul de deschidere, ceea ce subliniaz\u0103 importan\u021ba acestui loc \u00een istoria sportiv\u0103 interna\u021bional\u0103.<\/p>\n","protected":false},"excerpt":{"rendered":"<p>Un incident tragic a avut loc \u00eenainte de meciul amical dintre Mexic \u0219i Portugalia, care s-a \u00eencheiat cu un rezultat de 0-0. Acest meci a reprezentat redeschiderea celebrului stadion Azteca, dup\u0103 o perioad\u0103 de 22 de luni dedicate renov\u0103rilor, conform unei informa\u021bii publicate de Le Figaro. Serviciile de urgen\u021b\u0103 au raportat c\u0103 un suporter a [&hellip;]<\/p>\n","protected":false},"author":2,"featured_media":10869,"comment_status":"open","ping_status":"open","sticky":false,"template":"","format":"standard","meta":{"jnews-multi-image_gallery":[],"jnews_single_post":[],"jnews_primary_category":[],"jnews_override_counter":[],"footnotes":""},"categories":[41],"tags":[4230,2840,8782,11853,561,3140,874,13761],"class_list":["post-10868","post","type-post","status-publish","format-standard","has-post-thumbnail","hentry","category-externe","tag-cupe-mondiale","tag-fotbal-mondial","tag-incidente-tragice","tag-meci-amical","tag-mexic","tag-portugalia","tag-securitate","tag-stadion-azteca"],"_links":{"self":[{"href":"https:\/\/www.newsrecorder.ro\/app\/wp-json\/wp\/v2\/posts\/10868","targetHints":{"allow":["GET"]}}],"collection":[{"href":"https:\/\/www.newsrecorder.ro\/app\/wp-json\/wp\/v2\/posts"}],"about":[{"href":"https:\/\/www.newsrecorder.ro\/app\/wp-json\/wp\/v2\/types\/post"}],"author":[{"embeddable":true,"href":"https:\/\/www.newsrecorder.ro\/app\/wp-json\/wp\/v2\/users\/2"}],"replies":[{"embeddable":true,"href":"https:\/\/www.newsrecorder.ro\/app\/wp-json\/wp\/v2\/comments?post=10868"}],"version-history":[{"count":0,"href":"https:\/\/www.newsrecorder.ro\/app\/wp-json\/wp\/v2\/posts\/10868\/revisions"}],"wp:featuredmedia":[{"embeddable":true,"href":"https:\/\/www.newsrecorder.ro\/app\/wp-json\/wp\/v2\/media\/10869"}],"wp:attachment":[{"href":"https:\/\/www.newsrecorder.ro\/app\/wp-json\/wp\/v2\/media?parent=10868"}],"wp:term":[{"taxonomy":"category","embeddable":true,"href":"https:\/\/www.newsrecorder.ro\/app\/wp-json\/wp\/v2\/categories?post=10868"},{"taxonomy":"post_tag","embeddable":true,"href":"https:\/\/www.newsrecorder.ro\/app\/wp-json\/wp\/v2\/tags?post=10868"}],"curies":[{"name":"wp","href":"https:\/\/api.w.org\/{rel}","templated":true}]}}