{"id":10872,"date":"2026-03-29T07:48:17","date_gmt":"2026-03-29T07:48:17","guid":{"rendered":"https:\/\/www.newsrecorder.ro\/app\/2026\/03\/29\/linia-electrica-isaccea-vulcanesti-reparata-complet-dupa-atacurile-rusesti\/"},"modified":"2026-03-29T07:48:17","modified_gmt":"2026-03-29T07:48:17","slug":"linia-electrica-isaccea-vulcanesti-reparata-complet-dupa-atacurile-rusesti","status":"publish","type":"post","link":"https:\/\/www.newsrecorder.ro\/app\/2026\/03\/29\/linia-electrica-isaccea-vulcanesti-reparata-complet-dupa-atacurile-rusesti\/","title":{"rendered":"Linia electric\u0103 Isaccea-Vulc\u0103ne\u0219ti, reparat\u0103 complet dup\u0103 atacurile ruse\u0219ti!"},"content":{"rendered":"<p>Linia electric\u0103 aerian\u0103 de 400 kV Isaccea \u2013 Vulc\u0103ne\u0219ti a fost complet reparat\u0103, dup\u0103 ce a suferit avarii \u00een urma atacurilor cu drone lansate de Rusia asupra infrastructurii energetice din sudul Ucrainei. Ministerul Energiei din Republica Moldova a anun\u021bat aceast\u0103 veste bun\u0103 pe pagina sa oficial\u0103 de Facebook s\u00e2mb\u0103t\u0103.<\/p>\n<p>\u201eVe\u0219ti importante pentru securitatea energetic\u0103 a Republicii Moldova! Linia electric\u0103 aerian\u0103 de 400 kV Isaccea \u2013 Vulc\u0103ne\u0219ti a fost reparat\u0103 complet dup\u0103 avariile cauzate de atacurile Federa\u021biei Ruse cu drone asupra infrastructurii energetice din sudul Ucrainei,\u201d se men\u021bioneaz\u0103 \u00een comunicatul ministerului.<\/p>\n<p>Conform informa\u021biilor transmise, lucr\u0103rile de repara\u021bie au fost realizate de c\u0103tre partea ucrainean\u0103, ceea ce a permis restabilirea capacit\u0103\u021bii de interconectare \u0219i a securit\u0103\u021bii aprovizion\u0103rii cu energie electric\u0103 \u00een Republica Moldova.<\/p>\n<p>\u201eLucr\u0103rile au fost finalizate cu succes ast\u0103zi de c\u0103tre partea ucrainean\u0103, iar linia a fost testat\u0103 sub tensiune, confirm\u00e2nd func\u021bionarea sa \u00een condi\u021bii de siguran\u021b\u0103 \u0219i stabilitate. Astfel, a fost restabilit\u0103 capacitatea de interconectare \u0219i securitatea aprovizion\u0103rii cu energie electric\u0103,\u201d a ad\u0103ugat Ministerul Energiei din Republica Moldova.<\/p>\n<p>Cu toate acestea, institu\u021bia a subliniat c\u0103 repunerea \u00een func\u021biune a liniei electrice nu trebuie s\u0103 diminueze apelurile autorit\u0103\u021bilor de a folosi energia \u00een mod ra\u021bional. <\/p>\n<p>\u201eTotu\u0219i, repara\u021bia \u0219i repunerea \u00een func\u021biune a liniei nu \u00eenseamn\u0103 c\u0103 apelurile noastre de a utiliza ra\u021bional energia \u0219i-au pierdut relevan\u021ba. V\u0103 \u00eendemn\u0103m \u00een continuare s\u0103 evita\u021bi risipa de energie, deoarece aceasta se traduce prin facturi mai mari \u0219i o presiune suplimentar\u0103 asupra sistemului energetic na\u021bional,\u201d se mai precizeaz\u0103 \u00een mesajul ministerului.<\/p>\n<p>\u00cen alt\u0103 ordine de idei, Parlamentul Republicii Moldova a adoptat recent un proiect de hot\u0103r\u00e2re pentru instituirea <a style=\"color: #0000ff\" href=\"https:\/\/www.mediafax.ro\/externe\/republica-moldova-declara-stare-de-urgenta-in-sectorul-energetic-23709819\">st\u0103rii de urgen\u021b\u0103 \u00een sectorul energetic<\/a>, care va dura 60 de zile, \u00eencep\u00e2nd cu data de 25 martie 2026.<\/p>\n<p>Decizia a fost luat\u0103 ca urmare a deconect\u0103rii principalei linii electrice de alimentare a Republicii Moldova, Vulc\u0103ne\u0219ti \u2013 Isaccea, \u00een urma atacurilor Rusiei asupra infrastructurii energetice civile din Ucraina. Aceast\u0103 linie reprezint\u0103 o conexiune esen\u021bial\u0103 prin care Republica Moldova \u00ee\u0219i import\u0103 energia din Rom\u00e2nia, travers\u00e2nd sudul Ucrainei.<\/p>\n","protected":false},"excerpt":{"rendered":"<p>Linia electric\u0103 aerian\u0103 de 400 kV Isaccea \u2013 Vulc\u0103ne\u0219ti a fost complet reparat\u0103, dup\u0103 ce a suferit avarii \u00een urma atacurilor cu drone lansate de Rusia asupra infrastructurii energetice din sudul Ucrainei. Ministerul Energiei din Republica Moldova a anun\u021bat aceast\u0103 veste bun\u0103 pe pagina sa oficial\u0103 de Facebook s\u00e2mb\u0103t\u0103. \u201eVe\u0219ti importante pentru securitatea energetic\u0103 a [&hellip;]<\/p>\n","protected":false},"author":4,"featured_media":10873,"comment_status":"open","ping_status":"open","sticky":false,"template":"","format":"standard","meta":{"jnews-multi-image_gallery":[],"jnews_single_post":[],"jnews_primary_category":[],"jnews_override_counter":[],"footnotes":""},"categories":[40],"tags":[13766,8862,1085,13767,13765,285,1675,13768],"class_list":["post-10872","post","type-post","status-publish","format-standard","has-post-thumbnail","hentry","category-econonie","tag-400-kv","tag-atacuri-cu-drone","tag-infrastructura-energetica","tag-isaccea","tag-linia-electrica","tag-republica-moldova","tag-securitate-energetica","tag-vulcanesti"],"_links":{"self":[{"href":"https:\/\/www.newsrecorder.ro\/app\/wp-json\/wp\/v2\/posts\/10872","targetHints":{"allow":["GET"]}}],"collection":[{"href":"https:\/\/www.newsrecorder.ro\/app\/wp-json\/wp\/v2\/posts"}],"about":[{"href":"https:\/\/www.newsrecorder.ro\/app\/wp-json\/wp\/v2\/types\/post"}],"author":[{"embeddable":true,"href":"https:\/\/www.newsrecorder.ro\/app\/wp-json\/wp\/v2\/users\/4"}],"replies":[{"embeddable":true,"href":"https:\/\/www.newsrecorder.ro\/app\/wp-json\/wp\/v2\/comments?post=10872"}],"version-history":[{"count":0,"href":"https:\/\/www.newsrecorder.ro\/app\/wp-json\/wp\/v2\/posts\/10872\/revisions"}],"wp:featuredmedia":[{"embeddable":true,"href":"https:\/\/www.newsrecorder.ro\/app\/wp-json\/wp\/v2\/media\/10873"}],"wp:attachment":[{"href":"https:\/\/www.newsrecorder.ro\/app\/wp-json\/wp\/v2\/media?parent=10872"}],"wp:term":[{"taxonomy":"category","embeddable":true,"href":"https:\/\/www.newsrecorder.ro\/app\/wp-json\/wp\/v2\/categories?post=10872"},{"taxonomy":"post_tag","embeddable":true,"href":"https:\/\/www.newsrecorder.ro\/app\/wp-json\/wp\/v2\/tags?post=10872"}],"curies":[{"name":"wp","href":"https:\/\/api.w.org\/{rel}","templated":true}]}}