{"id":10876,"date":"2026-03-29T07:49:06","date_gmt":"2026-03-29T07:49:06","guid":{"rendered":"https:\/\/www.newsrecorder.ro\/app\/2026\/03\/29\/fermierii-beneficiaza-de-motorina-la-pret-mic-fara-tva-si-accize\/"},"modified":"2026-03-29T07:49:06","modified_gmt":"2026-03-29T07:49:06","slug":"fermierii-beneficiaza-de-motorina-la-pret-mic-fara-tva-si-accize","status":"publish","type":"post","link":"https:\/\/www.newsrecorder.ro\/app\/2026\/03\/29\/fermierii-beneficiaza-de-motorina-la-pret-mic-fara-tva-si-accize\/","title":{"rendered":"Fermierii beneficiaz\u0103 de motorin\u0103 la pre\u021b mic: f\u0103r\u0103 TVA \u0219i accize!"},"content":{"rendered":"<p>Conform <a style=\"color: #0000ff\" href=\"https:\/\/www.madr.ro\/proiecte-de-acte-normative\/proiect-oug-masuri-temporare-sect-vegetal-gestionare-efecte-crestere-preturi-motorina.html\" target=\"_blank\" rel=\"noopener\">proiectului de ordonan\u021b\u0103 de urgen\u021b\u0103<\/a> publicat vineri \u00een transparen\u021b\u0103 decizional\u0103, fermierii din Rom\u00e2nia vor beneficia de posibilitatea de a cump\u0103ra motorin\u0103 la un pre\u021b redus, f\u0103r\u0103 a pl\u0103ti accize \u0219i TVA, pentru a sprijini lucr\u0103rile agricole mecanizate din sectorul vegetal. Aceast\u0103 m\u0103sur\u0103 va fi disponibil\u0103 pe parcursul \u00eentregului an, av\u00e2nd ca standard un consum de 78 de litri pe hectar.<\/p>\n<p>Ministrul Agriculturii, Florin Barbu, a f\u0103cut acest anun\u021b pe pagina sa de Facebook, subliniind importan\u021ba acestei ini\u021biative pentru agricultori.<\/p>\n<p>\u201eExist\u0103 solu\u021bii pentru ca fermierii s\u0103 poat\u0103 achizi\u021biona motorin\u0103 mai ieftin\u0103! Am prezentat \u00een transparen\u021b\u0103 decizional\u0103 mecanismul prin care motorina utilizat\u0103 \u00een agricultur\u0103 va putea fi cump\u0103rat\u0103 direct de la pomp\u0103, f\u0103r\u0103 accize \u0219i f\u0103r\u0103 TVA\u201d, a declarat ministrul \u00een postarea sa.<\/p>\n<p>Barbu a explicat c\u0103 sprijinul va fi oferit pe baza adeverin\u021belor emise de APIA, detaliind c\u0103 \u201esprijinul se va acorda pentru anul 2026, viz\u00e2nd un consum standard de 78 litri\/ha \u0219i va fi acordat pe baza adeverin\u021belor eliberate de APIA\u201d.<\/p>\n<p>\u00cen nota de fundamentare a acestui proiect, Ministerul Agriculturii \u0219i Dezvolt\u0103rii Rurale (MADR) eviden\u021biaz\u0103 c\u0103, av\u00e2nd \u00een vedere situa\u021bia din Orientul Mijlociu \u0219i schimb\u0103rile de pe pie\u021bele interna\u021bionale ale petrolului, pre\u021burile motorinei au crescut semnificativ, cu procente cuprinse \u00eentre 25% \u0219i 50% \u00eentr-un timp scurt. Aceast\u0103 cre\u0219tere are un impact direct asupra pre\u021burilor de la pomp\u0103 din Rom\u00e2nia.<\/p>\n<p>Documentul subliniaz\u0103, de asemenea, c\u0103 aceast\u0103 m\u0103sur\u0103 este esen\u021bial\u0103 \u00een contextul \u00een care motorina constituie \u00eentre 19% \u0219i 30% din costurile totale ale fermierilor, iar lucr\u0103rile mecanizate pot reprezenta \u00eentre 40% \u0219i 59% din costurile unei culturi.<\/p>\n<p>\u201eF\u0103r\u0103 o interven\u021bie rapid\u0103, sectorul agricol se poate confrunta cu distorsionarea pie\u021belor agricole, cre\u0219terea vulnerabilit\u0103\u021bii financiare a fermierilor, dificult\u0103\u021bi \u00een \u00eendeplinirea obliga\u021biilor contractuale, riscuri de supra\u00eendatorare \u0219i chiar falimente \u00een lan\u021b, ceea ce ar putea duce la abandonarea terenurilor agricole\u201d, se men\u021bioneaz\u0103 \u00een <a style=\"color: #0000ff\" href=\"https:\/\/www.madr.ro\/comunicare\/madr-pune-in-transparenta-masuri-urgente-pentru-combaterea-efectelor-scumpirii-motorinei.html\" target=\"_blank\" rel=\"noopener\">comunicatul MADR<\/a>.<\/p>\n","protected":false},"excerpt":{"rendered":"<p>Conform proiectului de ordonan\u021b\u0103 de urgen\u021b\u0103 publicat vineri \u00een transparen\u021b\u0103 decizional\u0103, fermierii din Rom\u00e2nia vor beneficia de posibilitatea de a cump\u0103ra motorin\u0103 la un pre\u021b redus, f\u0103r\u0103 a pl\u0103ti accize \u0219i TVA, pentru a sprijini lucr\u0103rile agricole mecanizate din sectorul vegetal. Aceast\u0103 m\u0103sur\u0103 va fi disponibil\u0103 pe parcursul \u00eentregului an, av\u00e2nd ca standard un consum [&hellip;]<\/p>\n","protected":false},"author":4,"featured_media":10877,"comment_status":"open","ping_status":"open","sticky":false,"template":"","format":"standard","meta":{"jnews-multi-image_gallery":[],"jnews_single_post":[],"jnews_primary_category":[],"jnews_override_counter":[],"footnotes":""},"categories":[40],"tags":[10286,3946,2518,13770,8967,13529,13771,1749],"class_list":["post-10876","post","type-post","status-publish","format-standard","has-post-thumbnail","hentry","category-econonie","tag-accize","tag-fermierii","tag-florin-barbu","tag-lucrari-agricole","tag-motorina","tag-pret-redus","tag-sector-vegetal","tag-tva"],"_links":{"self":[{"href":"https:\/\/www.newsrecorder.ro\/app\/wp-json\/wp\/v2\/posts\/10876","targetHints":{"allow":["GET"]}}],"collection":[{"href":"https:\/\/www.newsrecorder.ro\/app\/wp-json\/wp\/v2\/posts"}],"about":[{"href":"https:\/\/www.newsrecorder.ro\/app\/wp-json\/wp\/v2\/types\/post"}],"author":[{"embeddable":true,"href":"https:\/\/www.newsrecorder.ro\/app\/wp-json\/wp\/v2\/users\/4"}],"replies":[{"embeddable":true,"href":"https:\/\/www.newsrecorder.ro\/app\/wp-json\/wp\/v2\/comments?post=10876"}],"version-history":[{"count":0,"href":"https:\/\/www.newsrecorder.ro\/app\/wp-json\/wp\/v2\/posts\/10876\/revisions"}],"wp:featuredmedia":[{"embeddable":true,"href":"https:\/\/www.newsrecorder.ro\/app\/wp-json\/wp\/v2\/media\/10877"}],"wp:attachment":[{"href":"https:\/\/www.newsrecorder.ro\/app\/wp-json\/wp\/v2\/media?parent=10876"}],"wp:term":[{"taxonomy":"category","embeddable":true,"href":"https:\/\/www.newsrecorder.ro\/app\/wp-json\/wp\/v2\/categories?post=10876"},{"taxonomy":"post_tag","embeddable":true,"href":"https:\/\/www.newsrecorder.ro\/app\/wp-json\/wp\/v2\/tags?post=10876"}],"curies":[{"name":"wp","href":"https:\/\/api.w.org\/{rel}","templated":true}]}}