{"id":10886,"date":"2026-03-29T10:13:03","date_gmt":"2026-03-29T10:13:03","guid":{"rendered":"https:\/\/www.newsrecorder.ro\/app\/2026\/03\/29\/guvernul-pregateste-masuri-pentru-reducerea-preturilor-la-carburanti\/"},"modified":"2026-03-29T10:13:03","modified_gmt":"2026-03-29T10:13:03","slug":"guvernul-pregateste-masuri-pentru-reducerea-preturilor-la-carburanti","status":"publish","type":"post","link":"https:\/\/www.newsrecorder.ro\/app\/2026\/03\/29\/guvernul-pregateste-masuri-pentru-reducerea-preturilor-la-carburanti\/","title":{"rendered":"Guvernul preg\u0103te\u0219te m\u0103suri pentru reducerea pre\u021burilor la carburan\u021bi!"},"content":{"rendered":"<p>\u00centr-un interviu acordat <a style=\"color: #0000ff\" href=\"https:\/\/www.g4media.ro\/video-interviu-integral-ilie-bolojan-daca-psd-genereaza-aceasta-criza-trebuie-sa-si-o-asume-nu-se-pune-problema-demisiei-nu-am-negociat-cu-aur-nu-e-o-solutie-despre-noii-baieti-destepti-din-e.html\" target=\"_blank\" rel=\"noopener\">G4Media<\/a>, premierul Ilie Bolojan a discutat despre recentele m\u0103suri adoptate \u00een contextul crizei pe pia\u021ba petrolului, care a fost declarat\u0103 \u00een aceast\u0103 s\u0103pt\u0103m\u00e2n\u0103.<\/p>\n<p>\u201eAceast\u0103 prim\u0103 m\u0103sur\u0103 are la baz\u0103 trei obiective esen\u021biale. Primul este s\u0103 ne preg\u0103tim pentru o posibil\u0103 criz\u0103 de aprovizionare, prin limitarea exporturilor de motorin\u0103 \u0219i \u021bi\u021bei. Al doilea obiectiv este de a controla cre\u0219terea adaosurilor comparativ cu media anului trecut, iar al treilea se concentreaz\u0103 pe prevenirea pre\u021burilor speculative \u0219i pe limitarea componentei de biocombustibil, care are un impact asupra pre\u021bului final al combustibilului. Aceasta constituie un prim pachet ce declar\u0103 oficial starea de criz\u0103\u201d, a detaliat Bolojan pentru G4Media.<\/p>\n<p>Premierul a anun\u021bat c\u0103 luni, s\u0103pt\u0103m\u00e2na viitoare, va avea loc o nou\u0103 \u00eent\u00e2lnire a grupului de lucru dedicat acestei probleme. \u201eNe propunem ca p\u00e2n\u0103 la finalul zilei de luni s\u0103 prezent\u0103m o a doua m\u0103sur\u0103 care s\u0103 vizeze interven\u021bii pentru reducerea impozitelor aplicate combustibililor\u201d, a ad\u0103ugat el.<\/p>\n<p>C\u00e2nd a fost \u00eentrebat despre posibilele sc\u0103deri de accize sau TVA, Bolojan a subliniat c\u0103 \u201ereducerea TVA-ului ar putea genera o problem\u0103 de infringement cu Uniunea European\u0103. Dac\u0103 am aplica aceast\u0103 m\u0103sur\u0103, ne-am confrunta cu dificult\u0103\u021bi legale\u201d.<\/p>\n<p>\u00cen aceast\u0103 lumin\u0103, o solu\u021bie pe care premierul a considerat-o \u201efoarte probabil\u0103\u201d este reducerea accizei.<\/p>\n<p>\u201eReducerea accizei este, din punct de vedere administrativ, cea mai simpl\u0103 solu\u021bie. Ne vom concentra pe acest aspect. \u00cen zilele urm\u0103toare, vor fi analizate dou\u0103 ipoteze de lucru. Prima se refer\u0103 la capacitatea de reducere a accizei pe care statul rom\u00e2n o poate sus\u021bine, iar a doua vizeaz\u0103 asigurarea unui cost echitabil pentru to\u021bi consumatorii. Astfel, tot ceea ce a fost \u00eencasat suplimentar de bugetul de stat din taxa pe valoare ad\u0103ugat\u0103, ca urmare a cre\u0219terii pre\u021burilor, va fi returnat cet\u0103\u021benilor prin reducerea accizelor\u201d, a explicat premierul \u00een interviul s\u0103u.<\/p>\n<p>\u00cen plus, Bolojan a men\u021bionat c\u0103 situa\u021bia ar putea deveni mai complicat\u0103 \u00een cazul \u00een care conflictul din Orientul Mijlociu se va prelungi. \u201eDurata acestui r\u0103zboi va genera, cu c\u00e2t va fi mai lung, mai multe blocaje pe pia\u021ba global\u0103 de transport de combustibili, ceea ce va avea un impact negativ semnificativ asupra economiilor globale, inclusiv asupra celei rom\u00e2ne\u0219ti\u201d, a afirmat premierul.<\/p>\n<p>Prin ordonan\u021ba adoptat\u0103 joi, Guvernul a declarat <a style=\"color: #0000ff\" href=\"https:\/\/www.mediafax.ro\/politic\/guvernul-a-plafonat-marja-la-carburanti-anunta-udmr-23710407\">starea de criz\u0103<\/a> pe pia\u021ba petrolului p\u00e2n\u0103 la 30 iunie 2026, cu posibilitatea de prelungire. \u00cen perioada 1 aprilie \u2013 30 iunie, marja comercial\u0103 la benzin\u0103 \u0219i motorin\u0103 nu va dep\u0103\u0219i media fiec\u0103rui operator din anul 2025.<\/p>\n","protected":false},"excerpt":{"rendered":"<p>\u00centr-un interviu acordat G4Media, premierul Ilie Bolojan a discutat despre recentele m\u0103suri adoptate \u00een contextul crizei pe pia\u021ba petrolului, care a fost declarat\u0103 \u00een aceast\u0103 s\u0103pt\u0103m\u00e2n\u0103. \u201eAceast\u0103 prim\u0103 m\u0103sur\u0103 are la baz\u0103 trei obiective esen\u021biale. Primul este s\u0103 ne preg\u0103tim pentru o posibil\u0103 criz\u0103 de aprovizionare, prin limitarea exporturilor de motorin\u0103 \u0219i \u021bi\u021bei. Al doilea [&hellip;]<\/p>\n","protected":false},"author":4,"featured_media":10887,"comment_status":"open","ping_status":"open","sticky":false,"template":"","format":"standard","meta":{"jnews-multi-image_gallery":[],"jnews_single_post":[],"jnews_primary_category":[],"jnews_override_counter":[],"footnotes":""},"categories":[40],"tags":[3418,13540,13775,13539,1687,13774,2138,7593],"class_list":["post-10886","post","type-post","status-publish","format-standard","has-post-thumbnail","hentry","category-econonie","tag-aprovizionare","tag-biocombustibil","tag-control-preturi","tag-criza-petrolului","tag-g4media","tag-limitarea-exporturilor","tag-masuri-economice","tag-premier-ilie-bolojan"],"_links":{"self":[{"href":"https:\/\/www.newsrecorder.ro\/app\/wp-json\/wp\/v2\/posts\/10886","targetHints":{"allow":["GET"]}}],"collection":[{"href":"https:\/\/www.newsrecorder.ro\/app\/wp-json\/wp\/v2\/posts"}],"about":[{"href":"https:\/\/www.newsrecorder.ro\/app\/wp-json\/wp\/v2\/types\/post"}],"author":[{"embeddable":true,"href":"https:\/\/www.newsrecorder.ro\/app\/wp-json\/wp\/v2\/users\/4"}],"replies":[{"embeddable":true,"href":"https:\/\/www.newsrecorder.ro\/app\/wp-json\/wp\/v2\/comments?post=10886"}],"version-history":[{"count":0,"href":"https:\/\/www.newsrecorder.ro\/app\/wp-json\/wp\/v2\/posts\/10886\/revisions"}],"wp:featuredmedia":[{"embeddable":true,"href":"https:\/\/www.newsrecorder.ro\/app\/wp-json\/wp\/v2\/media\/10887"}],"wp:attachment":[{"href":"https:\/\/www.newsrecorder.ro\/app\/wp-json\/wp\/v2\/media?parent=10886"}],"wp:term":[{"taxonomy":"category","embeddable":true,"href":"https:\/\/www.newsrecorder.ro\/app\/wp-json\/wp\/v2\/categories?post=10886"},{"taxonomy":"post_tag","embeddable":true,"href":"https:\/\/www.newsrecorder.ro\/app\/wp-json\/wp\/v2\/tags?post=10886"}],"curies":[{"name":"wp","href":"https:\/\/api.w.org\/{rel}","templated":true}]}}