{"id":10894,"date":"2026-03-29T10:14:41","date_gmt":"2026-03-29T10:14:41","guid":{"rendered":"https:\/\/www.newsrecorder.ro\/app\/2026\/03\/29\/mircea-lucescu-a-lesinat-la-cantonamentul-nationalei-detalii-din-spital\/"},"modified":"2026-03-29T10:14:41","modified_gmt":"2026-03-29T10:14:41","slug":"mircea-lucescu-a-lesinat-la-cantonamentul-nationalei-detalii-din-spital","status":"publish","type":"post","link":"https:\/\/www.newsrecorder.ro\/app\/2026\/03\/29\/mircea-lucescu-a-lesinat-la-cantonamentul-nationalei-detalii-din-spital\/","title":{"rendered":"Mircea Lucescu a le\u0219inat la cantonamentul na\u021bionalei: detalii din spital"},"content":{"rendered":"<p>Mircea Lucescu, cunoscutul selec\u021bioner al echipei na\u021bionale de fotbal a Rom\u00e2niei, r\u0103m\u00e2ne internat la Spitalul Universitar de Urgen\u021b\u0103 Bucure\u0219ti pentru monitorizare \u0219i tratament specializat. Potrivit unui comunicat oficial al unit\u0103\u021bii medicale, Lucescu a fost adus la spital \u00een urma unei tulbur\u0103ri majore de ritm cardiac, care a ap\u0103rut \u00een afara mediului spitalicesc. Echipele medicale lucreaz\u0103 acum la diagnosticarea \u0219i stabilizarea st\u0103rii sale de s\u0103n\u0103tate.<\/p>\n<p>Surse din cadrul MEDIAFAX sugereaz\u0103 c\u0103 incidentul s-a petrecut pe teren, \u00een timpul unei activit\u0103\u021bi legate de echipa na\u021bional\u0103. De\u0219i nu se afl\u0103 \u00een pericol, Lucescu prime\u0219te \u00eengrijiri la terapie intensiv\u0103, ceea ce subliniaz\u0103 gravitatea situa\u021biei.<\/p>\n<p>\u00centr-un comunicat recent, <a style=\"color: #0000ff\" href=\"https:\/\/www.frf.ro\/nationale\/masculin\/echipa-nationala\/precizari-despre-starea-de-sanatate-a-selectionerului-mircea-lucescu\/\" target=\"_blank\" rel=\"noopener\">Federa\u021bia Rom\u00e2n\u0103 de Fotbal<\/a> a oferit detalii suplimentare despre starea selec\u021bionerului. Ace\u0219tia au precizat c\u0103, \u00een timpul unei \u0219edin\u021be tehnice \u00eenaintea antrenamentului dinaintea plec\u0103rii spre Slovacia, Lucescu a acuzat o stare de r\u0103u. Interven\u021bia imediat\u0103 a personalului medical al echipei na\u021bionale a fost esen\u021bial\u0103, asigur\u00e2ndu-se primul ajutor necesar la fa\u021ba locului.<\/p>\n<p>Un apel la serviciul de urgen\u021b\u0103 112 a dus la trimiterea rapid\u0103 a dou\u0103 echipaje SMURD la baza de preg\u0103tire, iar promptitudinea interven\u021biei a permis stabilizarea rapid\u0103 a st\u0103rii tehnicianului. Conform informa\u021biilor furnizate de FRF, Lucescu a fost transportat la spital pentru investiga\u021bii am\u0103nun\u021bite, starea sa fiind acum stabil\u0103.<\/p>\n<p>\u00cen momentul actual, se respect\u0103 protocoalele medicale, iar selec\u021bionerul va r\u0103m\u00e2ne sub observa\u021bie pentru a elimina orice risc. FRF a promis c\u0103 va oferi actualiz\u0103ri pe m\u0103sur\u0103 ce noi informa\u021bii devin disponibile.<\/p>\n<p>\u00centr-o not\u0103 anterioar\u0103, s-a raportat c\u0103 Lucescu a avut probleme de s\u0103n\u0103tate \u00een ultimele luni. \u00cen luna februarie, acesta a fost internat la Spitalul Universitar din Bucure\u0219ti, iar de pe patul de spital a transmis un mesaj de lini\u0219tire fanilor \u0219i sus\u021bin\u0103torilor s\u0103i: \u201eSunt bine, nu sunt motive de \u00eengrijorare. V\u0103 rog frumos s\u0103 sta\u021bi lini\u0219ti\u021bi, s-a exagerat foarte mult. Este pur \u0219i simplu un tratament pe care trebuie s\u0103 \u00eel urmez sub observa\u021bie.\u201d<\/p>\n","protected":false},"excerpt":{"rendered":"<p>Mircea Lucescu, cunoscutul selec\u021bioner al echipei na\u021bionale de fotbal a Rom\u00e2niei, r\u0103m\u00e2ne internat la Spitalul Universitar de Urgen\u021b\u0103 Bucure\u0219ti pentru monitorizare \u0219i tratament specializat. Potrivit unui comunicat oficial al unit\u0103\u021bii medicale, Lucescu a fost adus la spital \u00een urma unei tulbur\u0103ri majore de ritm cardiac, care a ap\u0103rut \u00een afara mediului spitalicesc. Echipele medicale lucreaz\u0103 [&hellip;]<\/p>\n","protected":false},"author":2,"featured_media":10895,"comment_status":"open","ping_status":"open","sticky":false,"template":"","format":"standard","meta":{"jnews-multi-image_gallery":[],"jnews_single_post":[],"jnews_primary_category":[],"jnews_override_counter":[],"footnotes":""},"categories":[39],"tags":[113,1768,89,2528,1165,551,1855,11363],"class_list":["post-10894","post","type-post","status-publish","format-standard","has-post-thumbnail","hentry","category-stirile-zilei","tag-echipa-nationala","tag-federatia-romana-de-fotbal","tag-fotbal","tag-mircea-lucescu","tag-ritm-cardiac","tag-sanatate","tag-spital","tag-terapie-intensiva"],"_links":{"self":[{"href":"https:\/\/www.newsrecorder.ro\/app\/wp-json\/wp\/v2\/posts\/10894","targetHints":{"allow":["GET"]}}],"collection":[{"href":"https:\/\/www.newsrecorder.ro\/app\/wp-json\/wp\/v2\/posts"}],"about":[{"href":"https:\/\/www.newsrecorder.ro\/app\/wp-json\/wp\/v2\/types\/post"}],"author":[{"embeddable":true,"href":"https:\/\/www.newsrecorder.ro\/app\/wp-json\/wp\/v2\/users\/2"}],"replies":[{"embeddable":true,"href":"https:\/\/www.newsrecorder.ro\/app\/wp-json\/wp\/v2\/comments?post=10894"}],"version-history":[{"count":0,"href":"https:\/\/www.newsrecorder.ro\/app\/wp-json\/wp\/v2\/posts\/10894\/revisions"}],"wp:featuredmedia":[{"embeddable":true,"href":"https:\/\/www.newsrecorder.ro\/app\/wp-json\/wp\/v2\/media\/10895"}],"wp:attachment":[{"href":"https:\/\/www.newsrecorder.ro\/app\/wp-json\/wp\/v2\/media?parent=10894"}],"wp:term":[{"taxonomy":"category","embeddable":true,"href":"https:\/\/www.newsrecorder.ro\/app\/wp-json\/wp\/v2\/categories?post=10894"},{"taxonomy":"post_tag","embeddable":true,"href":"https:\/\/www.newsrecorder.ro\/app\/wp-json\/wp\/v2\/tags?post=10894"}],"curies":[{"name":"wp","href":"https:\/\/api.w.org\/{rel}","templated":true}]}}