{"id":10900,"date":"2026-03-29T10:15:25","date_gmt":"2026-03-29T10:15:25","guid":{"rendered":"https:\/\/www.newsrecorder.ro\/app\/2026\/03\/29\/sofer-incepator-prins-cu-150-km-h-la-horezu-permis-suspendat-si-amenda-uriasa\/"},"modified":"2026-03-29T10:15:25","modified_gmt":"2026-03-29T10:15:25","slug":"sofer-incepator-prins-cu-150-km-h-la-horezu-permis-suspendat-si-amenda-uriasa","status":"publish","type":"post","link":"https:\/\/www.newsrecorder.ro\/app\/2026\/03\/29\/sofer-incepator-prins-cu-150-km-h-la-horezu-permis-suspendat-si-amenda-uriasa\/","title":{"rendered":"\u0218ofer \u00eencep\u0103tor prins cu 150 km\/h la Horezu: permis suspendat \u0219i amend\u0103 uria\u0219\u0103!"},"content":{"rendered":"<p>Incidentul a avut loc pe 27 martie 2026, \u00een jurul orei 11:00, \u00een timp ce poli\u021bi\u0219tii rutieri desf\u0103\u0219urau activit\u0103\u021bi de supraveghere \u0219i control al traficului pe DJ665.<\/p>\n<p><strong>Poli\u021bi\u0219tii din cadrul Poli\u021biei ora\u0219ului <a href=\"https:\/\/www.mediafax.ro\/social\/drum-acoperit-cu-zapada-in-zona-turistica-de-la-horezu-politia-a-restrictionat-circulatia-23711338\">Horezu<\/a> \u2013 Forma\u021biunea Rutier\u0103<\/strong> au identificat un t\u00e2n\u0103r \u00een v\u00e2rst\u0103 de 20 de ani, care conducea un vehicul ca \u0219ofer \u00eencep\u0103tor, \u00een momentul \u00een care acesta circula din direc\u021bia Vaideeni c\u0103tre Horezu cu o vitez\u0103 de 150 km\/h, pe un tronson de drum unde limita maxim\u0103 permis\u0103 este de 70 km\/h.<\/p>\n<p>\u00cen urma acestei abateri, autorit\u0103\u021bile au impus sanc\u021biuni drastice, conform legisla\u021biei rutiere \u00een vigoare.<\/p>\n<p><strong>Conduc\u0103torului auto i-a fost re\u021binut permisul de conducere pentru o perioad\u0103 de 120 de zile, iar \u00een locul acestuia a fost emis\u0103 o dovad\u0103 f\u0103r\u0103 drept de circula\u021bie. De asemenea, a fost aplicat\u0103 o amend\u0103 contraven\u021bional\u0103 \u00een valoare de 4.050 lei<\/strong>, conform declara\u021biilor oficiale ale poli\u021biei.<\/p>\n<p>Poli\u021bi\u0219tii subliniaz\u0103 c\u0103 viteza excesiv\u0103 r\u0103m\u00e2ne una dintre cauzele principale ale accidentelor rutiere grave.<\/p>\n<p><strong>\u201eRespectarea limitelor legale de vitez\u0103 este esen\u021bial\u0103 pentru siguran\u021ba rutier\u0103. Viteza excesiv\u0103 reprezint\u0103 una dintre principalele motive de producere a accidentelor grave, cu consecin\u021be dramatice\u201d<\/strong>, au declarat reprezentan\u021bii poli\u021biei.<\/p>\n<p>Autorit\u0103\u021bile fac apel \u00een mod special c\u0103tre tinerii \u0219oferi.<\/p>\n<p><strong>\u201eFacem un apel, \u00een special c\u0103tre conduc\u0103torii auto \u00eencep\u0103tori, s\u0103 adopte un comportament responsabil la volan, s\u0103 respecte regulile de circula\u021bie \u0219i s\u0103 con\u0219tientizeze riscurile pe care \u0219i le asum\u0103, at\u00e2t ei \u00een\u0219i\u0219i, c\u00e2t \u0219i ceilal\u021bi participan\u021bi la trafic\u201d<\/strong>, au ad\u0103ugat poli\u021bi\u0219tii.<\/p>\n<p>Ace\u0219tia au subliniat c\u0103 siguran\u021ba rutier\u0103 depinde de responsabilitatea fiec\u0103rui participant la trafic.<\/p>\n<p><strong>\u201eSiguran\u021ba pe drumurile publice depinde de fiecare dintre noi\u201d<\/strong>, au concluzionat ei.<\/p>\n","protected":false},"excerpt":{"rendered":"<p>Incidentul a avut loc pe 27 martie 2026, \u00een jurul orei 11:00, \u00een timp ce poli\u021bi\u0219tii rutieri desf\u0103\u0219urau activit\u0103\u021bi de supraveghere \u0219i control al traficului pe DJ665. Poli\u021bi\u0219tii din cadrul Poli\u021biei ora\u0219ului Horezu \u2013 Forma\u021biunea Rutier\u0103 au identificat un t\u00e2n\u0103r \u00een v\u00e2rst\u0103 de 20 de ani, care conducea un vehicul ca \u0219ofer \u00eencep\u0103tor, \u00een momentul [&hellip;]<\/p>\n","protected":false},"author":2,"featured_media":10901,"comment_status":"open","ping_status":"open","sticky":false,"template":"","format":"standard","meta":{"jnews-multi-image_gallery":[],"jnews_single_post":[],"jnews_primary_category":[],"jnews_override_counter":[],"footnotes":""},"categories":[39],"tags":[501,13802,13801,12851,3710,505,86,13800],"class_list":["post-10900","post","type-post","status-publish","format-standard","has-post-thumbnail","hentry","category-stirile-zilei","tag-accident-rutier","tag-dj665","tag-horezu","tag-legislatie-rutiera","tag-permis-de-conducere","tag-politie","tag-sanctiuni","tag-viteza-excesiva"],"_links":{"self":[{"href":"https:\/\/www.newsrecorder.ro\/app\/wp-json\/wp\/v2\/posts\/10900","targetHints":{"allow":["GET"]}}],"collection":[{"href":"https:\/\/www.newsrecorder.ro\/app\/wp-json\/wp\/v2\/posts"}],"about":[{"href":"https:\/\/www.newsrecorder.ro\/app\/wp-json\/wp\/v2\/types\/post"}],"author":[{"embeddable":true,"href":"https:\/\/www.newsrecorder.ro\/app\/wp-json\/wp\/v2\/users\/2"}],"replies":[{"embeddable":true,"href":"https:\/\/www.newsrecorder.ro\/app\/wp-json\/wp\/v2\/comments?post=10900"}],"version-history":[{"count":0,"href":"https:\/\/www.newsrecorder.ro\/app\/wp-json\/wp\/v2\/posts\/10900\/revisions"}],"wp:featuredmedia":[{"embeddable":true,"href":"https:\/\/www.newsrecorder.ro\/app\/wp-json\/wp\/v2\/media\/10901"}],"wp:attachment":[{"href":"https:\/\/www.newsrecorder.ro\/app\/wp-json\/wp\/v2\/media?parent=10900"}],"wp:term":[{"taxonomy":"category","embeddable":true,"href":"https:\/\/www.newsrecorder.ro\/app\/wp-json\/wp\/v2\/categories?post=10900"},{"taxonomy":"post_tag","embeddable":true,"href":"https:\/\/www.newsrecorder.ro\/app\/wp-json\/wp\/v2\/tags?post=10900"}],"curies":[{"name":"wp","href":"https:\/\/api.w.org\/{rel}","templated":true}]}}