{"id":10910,"date":"2026-03-29T13:55:36","date_gmt":"2026-03-29T13:55:36","guid":{"rendered":"https:\/\/www.newsrecorder.ro\/app\/2026\/03\/29\/mircea-lucescu-lesina-in-cantonament-detalii-despre-internare-la-spitalul-universitar\/"},"modified":"2026-03-29T13:55:36","modified_gmt":"2026-03-29T13:55:36","slug":"mircea-lucescu-lesina-in-cantonament-detalii-despre-internare-la-spitalul-universitar","status":"publish","type":"post","link":"https:\/\/www.newsrecorder.ro\/app\/2026\/03\/29\/mircea-lucescu-lesina-in-cantonament-detalii-despre-internare-la-spitalul-universitar\/","title":{"rendered":"Mircea Lucescu le\u0219in\u0103 \u00een cantonament! Detalii despre internare la Spitalul Universitar"},"content":{"rendered":"<p>Mircea Lucescu, antrenorul echipei na\u021bionale de fotbal a Rom\u00e2niei, se afl\u0103 internat \u00een prezent la Spitalul Universitar de Urgen\u021b\u0103 Bucure\u0219ti, \u00een sec\u021bia de cardiologie, \u00een unitatea de terapie coronarian\u0103 acut\u0103. Conform informa\u021biilor furnizate de MEDIAFAX, starea sa este stabil\u0103, iar pentru ziua de luni sunt programate investiga\u021bii suplimentare.<\/p>\n<p>\u00cen acest moment, nu exist\u0103 posibilitatea ca Lucescu s\u0103 fie externat din spital. Potrivit comunicatului emis de spital, \u201ePacientul a fost adus la Spitalul Universitar de Urgen\u021b\u0103 Bucure\u0219ti \u00een urma unei tulbur\u0103ri majore de ritm cardiac, survenite \u00een afara mediului spitalicesc. Acesta se afl\u0103 sub \u00eengrijirea echipelor medicale, beneficiind de investiga\u021bii diagnostice \u0219i interven\u021bii terapeutice menite s\u0103 stabilizeze ritmul cardiac. Pacientul va r\u0103m\u00e2ne internat pentru monitorizare \u0219i tratament de specialitate.\u201d<\/p>\n<p>Surse din cadrul MEDIAFAX au raportat c\u0103 Lucescu ar fi suferit o tulburare de ritm cardiac \u00een timpul antrenamentului, dar nu exist\u0103 motive de panic\u0103, deoarece selec\u021bionerul nu este \u00een pericol. Cu toate acestea, el se afl\u0103 sub observa\u021bie \u00een sec\u021bia de terapie intensiv\u0103.<\/p>\n<p>Federa\u021bia Rom\u00e2n\u0103 de Fotbal (FRF) a oferit detalii suplimentare cu privire la starea sa de s\u0103n\u0103tate. \u00centr-un comunicat oficial, FRF a declarat: \u201e\u00cen timpul \u0219edin\u021bei tehnice de dinaintea ultimului antrenament, selec\u021bionerul Mircea Lucescu a acuzat o stare de r\u0103u. Membrii staff-ului medical al echipei na\u021bionale au intervenit prompt, acord\u00e2ndu-i primul ajutor la fa\u021ba locului.\u201d<\/p>\n<p>Dup\u0103 un apel la serviciul de urgen\u021b\u0103 112, dou\u0103 echipaje SMURD au sosit rapid la baza de preg\u0103tire, iar interven\u021bia medical\u0103 a permis stabilizarea lui Lucescu. Conform celor mai recente informa\u021bii, starea acestuia este stabil\u0103, dar a fost transportat la spital pentru a beneficia de investiga\u021bii suplimentare \u0219i monitorizare. FRF a promis c\u0103 va oferi actualiz\u0103ri pe m\u0103sur\u0103 ce vor ap\u0103rea noi detalii.<\/p>\n<p>Informa\u021biile ini\u021biale au ap\u0103rut duminic\u0103, c\u00e2nd s-a raportat c\u0103 Lucescu a fost preluat de o ambulan\u021b\u0103 din cantonamentul echipei na\u021bionale. Conform primelor surse citate de <a href=\"https:\/\/www.prosport.ro\/fotbal-intern\/nationala\/mircea-lucescu-ar-fi-lesinat-in-cantonamentul-nationalei-ambulanta-a-sosit-de-urgenta-selectionerul-e-la-spital-20409821\" target=\"_blank\" rel=\"noopener\">Prosport<\/a>, acesta s-ar fi sim\u021bit r\u0103u \u0219i ar fi le\u0219inat, ceea ce a dus la apelarea serviciilor de urgen\u021b\u0103.<\/p>\n<p>Acest incident survenea \u00eentr-un context \u00een care Lucescu s-a confruntat cu probleme de s\u0103n\u0103tate \u00een ultima perioad\u0103, fiind internat la Spitalul Universitar Bucure\u0219ti \u00een luna februarie. De pe patul de spital, Lucescu a transmis atunci un mesaj de lini\u0219tire: \u201eSunt bine, nu sunt motive de \u00eengrijorare. V\u0103 rog frumos s\u0103 sta\u021bi lini\u0219ti\u021bi, s-a exagerat foarte mult. Este pur \u0219i simplu un tratament pe care trebuie s\u0103 \u00eel urmez sub observa\u021bie.\u201d<\/p>\n","protected":false},"excerpt":{"rendered":"<p>Mircea Lucescu, antrenorul echipei na\u021bionale de fotbal a Rom\u00e2niei, se afl\u0103 internat \u00een prezent la Spitalul Universitar de Urgen\u021b\u0103 Bucure\u0219ti, \u00een sec\u021bia de cardiologie, \u00een unitatea de terapie coronarian\u0103 acut\u0103. Conform informa\u021biilor furnizate de MEDIAFAX, starea sa este stabil\u0103, iar pentru ziua de luni sunt programate investiga\u021bii suplimentare. \u00cen acest moment, nu exist\u0103 posibilitatea ca [&hellip;]<\/p>\n","protected":false},"author":6,"featured_media":10911,"comment_status":"open","ping_status":"open","sticky":false,"template":"","format":"standard","meta":{"jnews-multi-image_gallery":[],"jnews_single_post":[],"jnews_primary_category":[],"jnews_override_counter":[],"footnotes":""},"categories":[46],"tags":[13809,89,508,2528,149,551,1855,8292],"class_list":["post-10910","post","type-post","status-publish","format-standard","has-post-thumbnail","hentry","category-sport","tag-cardiologie","tag-fotbal","tag-investigatii","tag-mircea-lucescu","tag-romania","tag-sanatate","tag-spital","tag-terapie"],"_links":{"self":[{"href":"https:\/\/www.newsrecorder.ro\/app\/wp-json\/wp\/v2\/posts\/10910","targetHints":{"allow":["GET"]}}],"collection":[{"href":"https:\/\/www.newsrecorder.ro\/app\/wp-json\/wp\/v2\/posts"}],"about":[{"href":"https:\/\/www.newsrecorder.ro\/app\/wp-json\/wp\/v2\/types\/post"}],"author":[{"embeddable":true,"href":"https:\/\/www.newsrecorder.ro\/app\/wp-json\/wp\/v2\/users\/6"}],"replies":[{"embeddable":true,"href":"https:\/\/www.newsrecorder.ro\/app\/wp-json\/wp\/v2\/comments?post=10910"}],"version-history":[{"count":0,"href":"https:\/\/www.newsrecorder.ro\/app\/wp-json\/wp\/v2\/posts\/10910\/revisions"}],"wp:featuredmedia":[{"embeddable":true,"href":"https:\/\/www.newsrecorder.ro\/app\/wp-json\/wp\/v2\/media\/10911"}],"wp:attachment":[{"href":"https:\/\/www.newsrecorder.ro\/app\/wp-json\/wp\/v2\/media?parent=10910"}],"wp:term":[{"taxonomy":"category","embeddable":true,"href":"https:\/\/www.newsrecorder.ro\/app\/wp-json\/wp\/v2\/categories?post=10910"},{"taxonomy":"post_tag","embeddable":true,"href":"https:\/\/www.newsrecorder.ro\/app\/wp-json\/wp\/v2\/tags?post=10910"}],"curies":[{"name":"wp","href":"https:\/\/api.w.org\/{rel}","templated":true}]}}