{"id":10914,"date":"2026-03-29T13:56:07","date_gmt":"2026-03-29T13:56:07","guid":{"rendered":"https:\/\/www.newsrecorder.ro\/app\/2026\/03\/29\/alerta-meteo-ploi-si-ninsori-in-jumatate-din-romania-vezi-harta\/"},"modified":"2026-03-29T13:56:07","modified_gmt":"2026-03-29T13:56:07","slug":"alerta-meteo-ploi-si-ninsori-in-jumatate-din-romania-vezi-harta","status":"publish","type":"post","link":"https:\/\/www.newsrecorder.ro\/app\/2026\/03\/29\/alerta-meteo-ploi-si-ninsori-in-jumatate-din-romania-vezi-harta\/","title":{"rendered":"Alert\u0103 meteo: Ploi \u0219i ninsori \u00een jum\u0103tate din Rom\u00e2nia! Vezi harta!"},"content":{"rendered":"<p>Avertizarea de cod galben va fi activ\u0103 p\u00e2n\u0103 luni, la ora 10:00. Conform informa\u021biilor furnizate de Administra\u021bia Na\u021bional\u0103 de Meteorologie (ANM), se preconizeaz\u0103 precipita\u021bii semnificative, iar \u00een zonele montane, la altitudini ce dep\u0103\u0219esc 1600 m, vor avea loc ninsori, accompanied by viscol \u0219i formarea unui strat de z\u0103pad\u0103.<\/p>\n<p>\u201e\u00cen perioada men\u021bionat\u0103, se a\u0219teapt\u0103 ploi \u00eensemnate cantitativ \u00een Dobrogea, majoritatea regiunilor din Moldova, Muntenia \u0219i sud-estul Transilvaniei. La munte, precipita\u021biile vor fi mixte, iar \u00een Carpa\u021bii Meridionali \u0219i Orientali, la altitudini mai mari de 1600 m, se va \u00eenregistra ninsoare, cu acumul\u0103ri locale considerabile de z\u0103pad\u0103, \u00een medie de 10 p\u00e2n\u0103 la 20 cm. V\u00e2ntul va fi puternic, cu rafale ce pot atinge 60 p\u00e2n\u0103 la 70 km\/h, provoc\u00e2nd viscol. P\u00e2n\u0103 la finalul acestui interval, se estimeaz\u0103 acumul\u0103ri de ap\u0103 \u00eentre 25 \u0219i 30 l\/mp, iar \u00een unele zone, chiar \u0219i peste 30 p\u00e2n\u0103 la 40 l\/mp\u201d, a declarat ANM.<\/p>\n<p>\u00cen plus, ANM a subliniat c\u0103 vor exista intensific\u0103ri temporare ale v\u00e2ntului \u00een estul \u0219i sud-vestul \u021b\u0103rii, cu viteze ce se vor \u00eencadra \u00eentre 40 \u0219i 50 km\/h.<\/p>\n<p>&nbsp;<\/p>\n<p id=\"caption-attachment-23711644\" class=\"wp-caption-text\">Sursa foto: ANM<\/p>\n","protected":false},"excerpt":{"rendered":"<p>Avertizarea de cod galben va fi activ\u0103 p\u00e2n\u0103 luni, la ora 10:00. Conform informa\u021biilor furnizate de Administra\u021bia Na\u021bional\u0103 de Meteorologie (ANM), se preconizeaz\u0103 precipita\u021bii semnificative, iar \u00een zonele montane, la altitudini ce dep\u0103\u0219esc 1600 m, vor avea loc ninsori, accompanied by viscol \u0219i formarea unui strat de z\u0103pad\u0103. \u201e\u00cen perioada men\u021bionat\u0103, se a\u0219teapt\u0103 ploi \u00eensemnate [&hellip;]<\/p>\n","protected":false},"author":5,"featured_media":10915,"comment_status":"open","ping_status":"open","sticky":false,"template":"","format":"standard","meta":{"jnews-multi-image_gallery":[],"jnews_single_post":[],"jnews_primary_category":[],"jnews_override_counter":[],"footnotes":""},"categories":[45],"tags":[996,196,2253,871,127,135,122,1142],"class_list":["post-10914","post","type-post","status-publish","format-standard","has-post-thumbnail","hentry","category-meteo","tag-carpatii-meridionali","tag-cod-galben","tag-dobrogea","tag-moldova","tag-ninsori","tag-precipitatii","tag-strat-de-zapada","tag-viscol"],"_links":{"self":[{"href":"https:\/\/www.newsrecorder.ro\/app\/wp-json\/wp\/v2\/posts\/10914","targetHints":{"allow":["GET"]}}],"collection":[{"href":"https:\/\/www.newsrecorder.ro\/app\/wp-json\/wp\/v2\/posts"}],"about":[{"href":"https:\/\/www.newsrecorder.ro\/app\/wp-json\/wp\/v2\/types\/post"}],"author":[{"embeddable":true,"href":"https:\/\/www.newsrecorder.ro\/app\/wp-json\/wp\/v2\/users\/5"}],"replies":[{"embeddable":true,"href":"https:\/\/www.newsrecorder.ro\/app\/wp-json\/wp\/v2\/comments?post=10914"}],"version-history":[{"count":0,"href":"https:\/\/www.newsrecorder.ro\/app\/wp-json\/wp\/v2\/posts\/10914\/revisions"}],"wp:featuredmedia":[{"embeddable":true,"href":"https:\/\/www.newsrecorder.ro\/app\/wp-json\/wp\/v2\/media\/10915"}],"wp:attachment":[{"href":"https:\/\/www.newsrecorder.ro\/app\/wp-json\/wp\/v2\/media?parent=10914"}],"wp:term":[{"taxonomy":"category","embeddable":true,"href":"https:\/\/www.newsrecorder.ro\/app\/wp-json\/wp\/v2\/categories?post=10914"},{"taxonomy":"post_tag","embeddable":true,"href":"https:\/\/www.newsrecorder.ro\/app\/wp-json\/wp\/v2\/tags?post=10914"}],"curies":[{"name":"wp","href":"https:\/\/api.w.org\/{rel}","templated":true}]}}