{"id":10954,"date":"2026-03-29T22:06:48","date_gmt":"2026-03-29T22:06:48","guid":{"rendered":"https:\/\/www.newsrecorder.ro\/app\/2026\/03\/29\/trei-capodopere-furate-din-muzeul-italian-cine-sunt-hotii\/"},"modified":"2026-03-29T22:06:48","modified_gmt":"2026-03-29T22:06:48","slug":"trei-capodopere-furate-din-muzeul-italian-cine-sunt-hotii","status":"publish","type":"post","link":"https:\/\/www.newsrecorder.ro\/app\/2026\/03\/29\/trei-capodopere-furate-din-muzeul-italian-cine-sunt-hotii\/","title":{"rendered":"Trei capodopere furate din muzeul italian: cine sunt ho\u021bii?"},"content":{"rendered":"<p>\u00centr-un incident \u00eengrijor\u0103tor, patru indivizi masca\u021bi au p\u0103truns prin efrac\u021bie \u00een vila Funda\u021biei Magnani Rocca din Mamiano di Traversetolo, fur\u00e2nd tablouri valoroase \u00een noaptea de duminic\u0103, 22 martie, spre luni, 23 martie. Informa\u021bia a fost confirmat\u0103 de un purt\u0103tor de cuv\u00e2nt al Carabinierilor pentru AFP, dup\u0103 ce postul public de televiziune Rai a raportat despre acest eveniment.<\/p>\n<p>Ho\u021bii au reu\u0219it s\u0103 for\u021beze poarta principal\u0103 a muzeului \u0219i au sustras trei opere de art\u0103, conform declara\u021biilor Carabinierilor. Dup\u0103 comiterea furtului, ace\u0219tia au fugit prin curtea institu\u021biei, conform relat\u0103rilor de la <a href=\"https:\/\/www.lefigaro.fr\/arts-expositions\/italie-trois-tableaux-de-renoir-cezanne-et-matisse-voles-dans-un-musee-20260329\" target=\"_blank\" rel=\"noopener\">Le Figaro<\/a>.<\/p>\n<p>Printre lucr\u0103rile furate se num\u0103r\u0103 \u201ePe\u0219tele\u201d, o pictur\u0103 t\u00e2rzie din 1917 de Auguste Renoir, \u201eNatur\u0103 static\u0103 cu cire\u0219e\u201d, realizat\u0103 \u00eentre 1885-1887 de Paul C\u00e9zanne, \u0219i \u201eOdalisca de pe teras\u0103\u201d din 1922 de Henri Matisse.<\/p>\n<p>Carabinierii au demarat o anchet\u0103 am\u0103nun\u021bit\u0103, analiz\u00e2nd imaginile captate de camerele de supraveghere ale muzeului, dar \u0219i cele de la locuin\u021bele \u0219i afacerile din apropiere, a ad\u0103ugat purt\u0103torul de cuv\u00e2nt.<\/p>\n<p>Funda\u021bia Magnani Rocca ad\u0103poste\u0219te o colec\u021bie impresionant\u0103, apar\u021bin\u00e2nd istoricului de art\u0103 Luigi Magnani (1906-1984), care include lucr\u0103ri celebre ale unor mae\u0219tri precum D\u00fcrer, Rubens, Van Dyck, Goya, Monet \u0219i artistul italian Giorgio Morandi. Din p\u0103cate, muzeul nu a putut fi contactat duminic\u0103 pentru comentarii suplimentare.<\/p>\n","protected":false},"excerpt":{"rendered":"<p>\u00centr-un incident \u00eengrijor\u0103tor, patru indivizi masca\u021bi au p\u0103truns prin efrac\u021bie \u00een vila Funda\u021biei Magnani Rocca din Mamiano di Traversetolo, fur\u00e2nd tablouri valoroase \u00een noaptea de duminic\u0103, 22 martie, spre luni, 23 martie. Informa\u021bia a fost confirmat\u0103 de un purt\u0103tor de cuv\u00e2nt al Carabinierilor pentru AFP, dup\u0103 ce postul public de televiziune Rai a raportat despre [&hellip;]<\/p>\n","protected":false},"author":2,"featured_media":10955,"comment_status":"open","ping_status":"open","sticky":false,"template":"","format":"standard","meta":{"jnews-multi-image_gallery":[],"jnews_single_post":[],"jnews_primary_category":[],"jnews_override_counter":[],"footnotes":""},"categories":[41],"tags":[817,13863,13862,1291,13865,5805,3072,13864],"class_list":["post-10954","post","type-post","status-publish","format-standard","has-post-thumbnail","hentry","category-externe","tag-ancheta","tag-carabinieri","tag-efractie","tag-furt","tag-mamiano-di-traversetolo","tag-muzeu","tag-opere-de-arta","tag-tablouri-valoroase"],"_links":{"self":[{"href":"https:\/\/www.newsrecorder.ro\/app\/wp-json\/wp\/v2\/posts\/10954","targetHints":{"allow":["GET"]}}],"collection":[{"href":"https:\/\/www.newsrecorder.ro\/app\/wp-json\/wp\/v2\/posts"}],"about":[{"href":"https:\/\/www.newsrecorder.ro\/app\/wp-json\/wp\/v2\/types\/post"}],"author":[{"embeddable":true,"href":"https:\/\/www.newsrecorder.ro\/app\/wp-json\/wp\/v2\/users\/2"}],"replies":[{"embeddable":true,"href":"https:\/\/www.newsrecorder.ro\/app\/wp-json\/wp\/v2\/comments?post=10954"}],"version-history":[{"count":0,"href":"https:\/\/www.newsrecorder.ro\/app\/wp-json\/wp\/v2\/posts\/10954\/revisions"}],"wp:featuredmedia":[{"embeddable":true,"href":"https:\/\/www.newsrecorder.ro\/app\/wp-json\/wp\/v2\/media\/10955"}],"wp:attachment":[{"href":"https:\/\/www.newsrecorder.ro\/app\/wp-json\/wp\/v2\/media?parent=10954"}],"wp:term":[{"taxonomy":"category","embeddable":true,"href":"https:\/\/www.newsrecorder.ro\/app\/wp-json\/wp\/v2\/categories?post=10954"},{"taxonomy":"post_tag","embeddable":true,"href":"https:\/\/www.newsrecorder.ro\/app\/wp-json\/wp\/v2\/tags?post=10954"}],"curies":[{"name":"wp","href":"https:\/\/api.w.org\/{rel}","templated":true}]}}