{"id":10962,"date":"2026-03-29T22:43:24","date_gmt":"2026-03-29T22:43:24","guid":{"rendered":"https:\/\/www.newsrecorder.ro\/app\/2026\/03\/29\/alerta-la-teheran-apararea-aeriana-activata-dupa-atacuri-intense\/"},"modified":"2026-03-29T22:43:24","modified_gmt":"2026-03-29T22:43:24","slug":"alerta-la-teheran-apararea-aeriana-activata-dupa-atacuri-intense","status":"publish","type":"post","link":"https:\/\/www.newsrecorder.ro\/app\/2026\/03\/29\/alerta-la-teheran-apararea-aeriana-activata-dupa-atacuri-intense\/","title":{"rendered":"Alert\u0103 la Teheran: Ap\u0103rarea aerian\u0103 activat\u0103 dup\u0103 atacuri intense!"},"content":{"rendered":"<p>Recent, provinciile Teheran \u0219i Alborz au fost afectate de o \u00eentrerupere a aliment\u0103rii cu energie electric\u0103, ca urmare a unor atacuri direc\u021bionate \u00eempotriva infrastructurii electrice, conform declara\u021biilor f\u0103cute de Ministerul Energiei al Iranului, citate de agen\u021biile de pres\u0103 locale.<\/p>\n<p>\u00cen urma acestor incidente, ministrul adjunct al energiei a anun\u021bat c\u0103 problemele de alimentare din estul Teheranului au fost solu\u021bionate, conform informa\u021biilor furnizate de agen\u021bia de pres\u0103 Mehr.<\/p>\n<p>Pe de alt\u0103 parte, duminic\u0103, autorit\u0103\u021bile iraniene au emis un avertisment referitor la o posibil\u0103 escaladare a tensiunilor, dup\u0103 ce atacurile aeriene israeliene au vizat mai multe universit\u0103\u021bi. Printre acestea, Israelul a sus\u021binut c\u0103 unele institu\u021bii erau implicate \u00een activit\u0103\u021bi de cercetare \u0219i dezvoltare nuclear\u0103.<\/p>\n<p>\u00cen acest context, Garda Revolu\u021bionar\u0103 a declarat c\u0103, \u00een absen\u021ba unor garan\u021bii de securitate pentru universit\u0103\u021bile din Iran, va considera universit\u0103\u021bile israeliene \u0219i filialele universit\u0103\u021bilor americane din regiune ca fiind \u201e\u021binte legitime\u201d. Aceste universit\u0103\u021bi americane, precum Georgetown, New York \u0219i Northwestern, au campusuri \u00een Qatar \u0219i Emiratele Arabe Unite.<\/p>\n<p>S\u00e2mb\u0103t\u0103, purt\u0103torul de cuv\u00e2nt al Ministerului iranian de Externe, Esmaeil Baghaei, a afirmat c\u0103 zeci de universit\u0103\u021bi \u0219i centre de cercetare au fost afectate de atacuri, inclusiv Universitatea de \u0218tiin\u021b\u0103 \u0219i Tehnologie din Iran \u0219i Universitatea de Tehnologie din Isfahan.<\/p>\n","protected":false},"excerpt":{"rendered":"<p>Recent, provinciile Teheran \u0219i Alborz au fost afectate de o \u00eentrerupere a aliment\u0103rii cu energie electric\u0103, ca urmare a unor atacuri direc\u021bionate \u00eempotriva infrastructurii electrice, conform declara\u021biilor f\u0103cute de Ministerul Energiei al Iranului, citate de agen\u021biile de pres\u0103 locale. \u00cen urma acestor incidente, ministrul adjunct al energiei a anun\u021bat c\u0103 problemele de alimentare din estul [&hellip;]<\/p>\n","protected":false},"author":2,"featured_media":10963,"comment_status":"open","ping_status":"open","sticky":false,"template":"","format":"standard","meta":{"jnews-multi-image_gallery":[],"jnews_single_post":[],"jnews_primary_category":[],"jnews_override_counter":[],"footnotes":""},"categories":[39],"tags":[13879,1084,12806,530,9052,460,4804,1357],"class_list":["post-10962","post","type-post","status-publish","format-standard","has-post-thumbnail","hentry","category-stirile-zilei","tag-alborz","tag-atacuri","tag-cercetare-nucleara","tag-energie-electrica","tag-garda-revolutionara","tag-infrastructura","tag-teheran","tag-tensiuni"],"_links":{"self":[{"href":"https:\/\/www.newsrecorder.ro\/app\/wp-json\/wp\/v2\/posts\/10962","targetHints":{"allow":["GET"]}}],"collection":[{"href":"https:\/\/www.newsrecorder.ro\/app\/wp-json\/wp\/v2\/posts"}],"about":[{"href":"https:\/\/www.newsrecorder.ro\/app\/wp-json\/wp\/v2\/types\/post"}],"author":[{"embeddable":true,"href":"https:\/\/www.newsrecorder.ro\/app\/wp-json\/wp\/v2\/users\/2"}],"replies":[{"embeddable":true,"href":"https:\/\/www.newsrecorder.ro\/app\/wp-json\/wp\/v2\/comments?post=10962"}],"version-history":[{"count":0,"href":"https:\/\/www.newsrecorder.ro\/app\/wp-json\/wp\/v2\/posts\/10962\/revisions"}],"wp:featuredmedia":[{"embeddable":true,"href":"https:\/\/www.newsrecorder.ro\/app\/wp-json\/wp\/v2\/media\/10963"}],"wp:attachment":[{"href":"https:\/\/www.newsrecorder.ro\/app\/wp-json\/wp\/v2\/media?parent=10962"}],"wp:term":[{"taxonomy":"category","embeddable":true,"href":"https:\/\/www.newsrecorder.ro\/app\/wp-json\/wp\/v2\/categories?post=10962"},{"taxonomy":"post_tag","embeddable":true,"href":"https:\/\/www.newsrecorder.ro\/app\/wp-json\/wp\/v2\/tags?post=10962"}],"curies":[{"name":"wp","href":"https:\/\/api.w.org\/{rel}","templated":true}]}}