{"id":10972,"date":"2026-03-30T03:14:12","date_gmt":"2026-03-30T03:14:12","guid":{"rendered":"https:\/\/www.newsrecorder.ro\/app\/2026\/03\/30\/ministrul-apararii-romania-nu-va-trimite-trupe-in-iran\/"},"modified":"2026-03-30T03:14:12","modified_gmt":"2026-03-30T03:14:12","slug":"ministrul-apararii-romania-nu-va-trimite-trupe-in-iran","status":"publish","type":"post","link":"https:\/\/www.newsrecorder.ro\/app\/2026\/03\/30\/ministrul-apararii-romania-nu-va-trimite-trupe-in-iran\/","title":{"rendered":"Ministrul Ap\u0103r\u0103rii: \u201eRom\u00e2nia nu va trimite trupe \u00een Iran!\u201d"},"content":{"rendered":"<p>Ministrul Ap\u0103r\u0103rii, Radu Miru\u021b\u0103, a subliniat duminic\u0103, \u00een cadrul unei emisiuni la Antena 3, c\u0103 Rom\u00e2nia nu are inten\u021bia de a trimite trupe \u00een zone de conflict precum Ucraina sau Iran.<\/p>\n<p>Miru\u021b\u0103 a explicat c\u0103 astfel de decizii nu sunt luate unilateral, ci depind de cadrul legal \u0219i de angajamentele interna\u021bionale ale \u021b\u0103rii. \u201eTrimiterea de trupe \u00een afara \u021b\u0103rii nu se face doar printr-o decizie a Ministerului Ap\u0103r\u0103rii, conform legisla\u021biei actuale. Rom\u00e2nia a afirmat clar c\u0103 nu va trimite trupe \u00een Ucraina, nici m\u0103car ca garan\u021bii de securitate\u201d, a declarat el.<\/p>\n<p>C\u00e2nd a fost \u00eentrebat despre existen\u021ba unei \u201elinii ro\u0219ii\u201d \u00een ceea ce prive\u0219te desf\u0103\u0219urarea de trupe \u00een afara grani\u021belor, ministrul a men\u021bionat c\u0103 Rom\u00e2nia \u00ee\u0219i desf\u0103\u0219oar\u0103 activitatea strict \u00een conformitate cu legisla\u021bia na\u021bional\u0103 \u0219i cu obliga\u021biile sale de membru NATO. \u201eNu exist\u0103 discu\u021bii referitoare la implicarea Rom\u00e2niei \u00een alte conflicte externe, cum ar fi r\u0103zboiul din Iran, care se desf\u0103\u0219oar\u0103 \u00een prezent cu participarea Israelului \u0219i SUA. Rom\u00e2nia a afirmat c\u0103 nu va trimite trupe \u00een Iran, iar aceast\u0103 problem\u0103 nu a fost niciodat\u0103 supus\u0103 discu\u021biei\u201d, a ad\u0103ugat el.<\/p>\n<p>Ministrul Ap\u0103r\u0103rii a reiterat c\u0103 Rom\u00e2nia particip\u0103 la misiuni interna\u021bionale doar \u00een cadrul parteneriatelor stabilite. De exemplu, \u00een luna aprilie, Rom\u00e2nia va trimite aproximativ o sut\u0103 de militari pentru o misiune de poli\u021bie aerian\u0103 \u00een Lituania. \u201eAceste activit\u0103\u021bi sunt singurele \u00een care suntem implica\u021bi \u00een acest moment\u201d, a afirmat Miru\u021b\u0103.<\/p>\n<p>De asemenea, el a oferit un exemplu recent din Irak, subliniind importan\u021ba protec\u021biei militare rom\u00e2ne\u0219ti \u00een situa\u021bii de risc. \u201eAm avut 117 militari sta\u021biona\u021bi la baza NATO din Irak. Datorit\u0103 cre\u0219terii gradului de risc, ace\u0219tia au fost evacua\u021bi \u0219i au revenit \u00een Rom\u00e2nia \u00een total\u0103 siguran\u021b\u0103. Aceasta a fost o decizie rapid\u0103, luat\u0103 de pe o zi pe alta\u201d, a concluzionat ministrul.<\/p>\n","protected":false},"excerpt":{"rendered":"<p>Ministrul Ap\u0103r\u0103rii, Radu Miru\u021b\u0103, a subliniat duminic\u0103, \u00een cadrul unei emisiuni la Antena 3, c\u0103 Rom\u00e2nia nu are inten\u021bia de a trimite trupe \u00een zone de conflict precum Ucraina sau Iran. Miru\u021b\u0103 a explicat c\u0103 astfel de decizii nu sunt luate unilateral, ci depind de cadrul legal \u0219i de angajamentele interna\u021bionale ale \u021b\u0103rii. \u201eTrimiterea de [&hellip;]<\/p>\n","protected":false},"author":2,"featured_media":10973,"comment_status":"open","ping_status":"open","sticky":false,"template":"","format":"standard","meta":{"jnews-multi-image_gallery":[],"jnews_single_post":[],"jnews_primary_category":[],"jnews_override_counter":[],"footnotes":""},"categories":[42],"tags":[3273,2994,913,532,472,149,13883,682],"class_list":["post-10972","post","type-post","status-publish","format-standard","has-post-thumbnail","hentry","category-politica","tag-angajamente-internationale","tag-conflicte","tag-iran","tag-legislatie","tag-ministerul-apararii","tag-romania","tag-trupe","tag-ucraina"],"_links":{"self":[{"href":"https:\/\/www.newsrecorder.ro\/app\/wp-json\/wp\/v2\/posts\/10972","targetHints":{"allow":["GET"]}}],"collection":[{"href":"https:\/\/www.newsrecorder.ro\/app\/wp-json\/wp\/v2\/posts"}],"about":[{"href":"https:\/\/www.newsrecorder.ro\/app\/wp-json\/wp\/v2\/types\/post"}],"author":[{"embeddable":true,"href":"https:\/\/www.newsrecorder.ro\/app\/wp-json\/wp\/v2\/users\/2"}],"replies":[{"embeddable":true,"href":"https:\/\/www.newsrecorder.ro\/app\/wp-json\/wp\/v2\/comments?post=10972"}],"version-history":[{"count":0,"href":"https:\/\/www.newsrecorder.ro\/app\/wp-json\/wp\/v2\/posts\/10972\/revisions"}],"wp:featuredmedia":[{"embeddable":true,"href":"https:\/\/www.newsrecorder.ro\/app\/wp-json\/wp\/v2\/media\/10973"}],"wp:attachment":[{"href":"https:\/\/www.newsrecorder.ro\/app\/wp-json\/wp\/v2\/media?parent=10972"}],"wp:term":[{"taxonomy":"category","embeddable":true,"href":"https:\/\/www.newsrecorder.ro\/app\/wp-json\/wp\/v2\/categories?post=10972"},{"taxonomy":"post_tag","embeddable":true,"href":"https:\/\/www.newsrecorder.ro\/app\/wp-json\/wp\/v2\/tags?post=10972"}],"curies":[{"name":"wp","href":"https:\/\/api.w.org\/{rel}","templated":true}]}}