{"id":10982,"date":"2026-03-30T10:12:06","date_gmt":"2026-03-30T10:12:06","guid":{"rendered":"https:\/\/www.newsrecorder.ro\/app\/2026\/03\/30\/spania-blocheaza-spatiul-aerian-pentru-avioanele-din-razboiul-iranian\/"},"modified":"2026-03-30T10:12:06","modified_gmt":"2026-03-30T10:12:06","slug":"spania-blocheaza-spatiul-aerian-pentru-avioanele-din-razboiul-iranian","status":"publish","type":"post","link":"https:\/\/www.newsrecorder.ro\/app\/2026\/03\/30\/spania-blocheaza-spatiul-aerian-pentru-avioanele-din-razboiul-iranian\/","title":{"rendered":"Spania blocheaz\u0103 spa\u021biul aerian pentru avioanele din r\u0103zboiul iranian!"},"content":{"rendered":"<p>Spania a decis s\u0103 \u00ee\u0219i \u00eenchid\u0103 spa\u021biul aerian pentru aeronavele implicate \u00een conflictul din Iran, conform unor surse militare citate de <a href=\"https:\/\/elpais.com\/espana\/2026-03-30\/espana-cierra-su-espacio-aereo-a-los-vuelos-de-aviones-que-participan-en-la-guerra-de-iran.html\" target=\"_blank\" rel=\"noopener\">El Pais<\/a>. Autorit\u0103\u021bile spaniole au refuzat s\u0103 permit\u0103 accesul aeronavelor americane, care sunt utilizate \u00een opera\u021biunile militare din Iran \u0219i care se afl\u0103 sta\u021bionate \u00een \u021b\u0103ri precum Regatul Unit \u0219i Fran\u021ba. Astfel, avioanele militare americane ce decoleaz\u0103 din Marea Britanie sunt nevoite s\u0103 evite spa\u021biul aerian al Spaniei, cu o singur\u0103 excep\u021bie: acestea pot tranzita sau ateriza \u00een situa\u021bii de urgen\u021b\u0103.<\/p>\n<p>\u00cen urm\u0103 cu o lun\u0103, Spania a interzis accesul avioanelor de lupt\u0103 \u0219i al celor de realimentare \u00een bazele sale aeriene din Rota \u0219i Mor\u00f3n. Aceast\u0103 decizie a determinat Washingtonul s\u0103 renun\u021be la planurile de desf\u0103\u0219urare a bombardierelor B-52 \u0219i B-1 la baza Mor\u00f3n.<\/p>\n<p>Bazele Rota \u0219i Mor\u00f3n, amplasate \u00een regiunile Cadiz \u0219i Sevilla, sunt utilizate \u00een comun cu Statele Unite, \u00eens\u0103 se afl\u0103 sub suveranitatea Spaniei, ceea ce confer\u0103 Madridului dreptul de veto asupra oric\u0103rei activit\u0103\u021bi militare desf\u0103\u0219urate acolo.<\/p>\n<p>Aceste m\u0103suri au provocat o reac\u021bie de indignare din partea pre\u0219edintelui american Donald Trump, care a lansat amenin\u021b\u0103ri f\u0103r\u0103 precedent, referindu-se la \u201eteribila\u201d Spanie \u0219i la inten\u021bia de a \u201e\u00eentrerupe comer\u021bul\u201d bilateral.<\/p>\n<p>\u00cen contextul acestui conflict, premierul spaniol Pedro Sanchez a men\u021binut un mesaj constant \u00eempotriva r\u0103zboiului, subliniind \u00eenc\u0103lcarea dreptului interna\u021bional \u0219i exprim\u00e2ndu-\u0219i \u00eengrijorarea fa\u021b\u0103 de escaladarea tensiunilor.<\/p>\n","protected":false},"excerpt":{"rendered":"<p>Spania a decis s\u0103 \u00ee\u0219i \u00eenchid\u0103 spa\u021biul aerian pentru aeronavele implicate \u00een conflictul din Iran, conform unor surse militare citate de El Pais. Autorit\u0103\u021bile spaniole au refuzat s\u0103 permit\u0103 accesul aeronavelor americane, care sunt utilizate \u00een opera\u021biunile militare din Iran \u0219i care se afl\u0103 sta\u021bionate \u00een \u021b\u0103ri precum Regatul Unit \u0219i Fran\u021ba. Astfel, avioanele militare [&hellip;]<\/p>\n","protected":false},"author":2,"featured_media":10983,"comment_status":"open","ping_status":"open","sticky":false,"template":"","format":"standard","meta":{"jnews-multi-image_gallery":[],"jnews_single_post":[],"jnews_primary_category":[],"jnews_override_counter":[],"footnotes":""},"categories":[41],"tags":[13895,12717,13894,8705,8865,8598,703,4270],"class_list":["post-10982","post","type-post","status-publish","format-standard","has-post-thumbnail","hentry","category-externe","tag-acces-interzis","tag-aeronave","tag-avioane-militare","tag-baze-aeriene","tag-conflict-iran","tag-operatiuni-militare","tag-spania","tag-spatiu-aerian"],"_links":{"self":[{"href":"https:\/\/www.newsrecorder.ro\/app\/wp-json\/wp\/v2\/posts\/10982","targetHints":{"allow":["GET"]}}],"collection":[{"href":"https:\/\/www.newsrecorder.ro\/app\/wp-json\/wp\/v2\/posts"}],"about":[{"href":"https:\/\/www.newsrecorder.ro\/app\/wp-json\/wp\/v2\/types\/post"}],"author":[{"embeddable":true,"href":"https:\/\/www.newsrecorder.ro\/app\/wp-json\/wp\/v2\/users\/2"}],"replies":[{"embeddable":true,"href":"https:\/\/www.newsrecorder.ro\/app\/wp-json\/wp\/v2\/comments?post=10982"}],"version-history":[{"count":0,"href":"https:\/\/www.newsrecorder.ro\/app\/wp-json\/wp\/v2\/posts\/10982\/revisions"}],"wp:featuredmedia":[{"embeddable":true,"href":"https:\/\/www.newsrecorder.ro\/app\/wp-json\/wp\/v2\/media\/10983"}],"wp:attachment":[{"href":"https:\/\/www.newsrecorder.ro\/app\/wp-json\/wp\/v2\/media?parent=10982"}],"wp:term":[{"taxonomy":"category","embeddable":true,"href":"https:\/\/www.newsrecorder.ro\/app\/wp-json\/wp\/v2\/categories?post=10982"},{"taxonomy":"post_tag","embeddable":true,"href":"https:\/\/www.newsrecorder.ro\/app\/wp-json\/wp\/v2\/tags?post=10982"}],"curies":[{"name":"wp","href":"https:\/\/api.w.org\/{rel}","templated":true}]}}