{"id":1099,"date":"2026-01-31T20:11:17","date_gmt":"2026-01-31T20:11:17","guid":{"rendered":"https:\/\/www.newsrecorder.ro\/app\/2026\/01\/31\/zelenski-multumeste-romaniei-sprijinul-vostru-conteaza\/"},"modified":"2026-01-31T20:11:17","modified_gmt":"2026-01-31T20:11:17","slug":"zelenski-multumeste-romaniei-sprijinul-vostru-conteaza","status":"publish","type":"post","link":"https:\/\/www.newsrecorder.ro\/app\/2026\/01\/31\/zelenski-multumeste-romaniei-sprijinul-vostru-conteaza\/","title":{"rendered":"Zelenski mul\u021bume\u0219te Rom\u00e2niei: &#8222;Sprijinul vostru conteaz\u0103!&#8221;"},"content":{"rendered":"<p>Pre\u0219edintele Ucrainei, <strong>Volodimir Zelenski<\/strong>, a anun\u021bat recent pe pagina sa de Facebook c\u0103 a discutat cu primarul Bucure\u0219tiului, <strong>Nicu\u0219or Dan<\/strong>, despre poten\u021biale proiecte energetice comune care ar putea \u00eent\u0103ri securitatea energetic\u0103 a ambelor \u021b\u0103ri, Ucraina \u0219i Rom\u00e2nia. Zelenski a subliniat importan\u021ba implement\u0103rii acestor ini\u021biative \u0219i a men\u021bionat c\u0103 echipele din cele dou\u0103 \u021b\u0103ri vor continua discu\u021biile la nivel ministerial. De asemenea, el a exprimat recuno\u0219tin\u021b\u0103 fa\u021b\u0103 de pre\u0219edintele Rom\u00e2niei \u0219i fa\u021b\u0103 de poporul rom\u00e2n pentru sprijinul oferit.<\/p>\n<p>Cu toate acestea, detalii specifice despre proiectele energetice discutate nu au fost furnizate de Zelenski.<\/p>\n<p>Aceste discu\u021bii vin \u00eentr-un context complicat, \u00een care infrastructura energetic\u0103 a Ucrainei a fost grav afectat\u0103 de atacurile ruse\u0219ti din ultimele luni. Zelenski a declarat anterior c\u0103 sistemul energetic al \u021b\u0103rii este \u00een prezent capabil s\u0103 acopere doar 60% din necesarul de electricitate pe timpul iernii.<\/p>\n<p>Pe de alt\u0103 parte, prognozele meteo sugereaz\u0103 c\u0103 un val de frig sever se va abate asupra Ucrainei, cu temperaturi ce ar putea atinge -20 de grade Celsius \u00een anumite regiuni, \u00een perioada 1-3 februarie. Aceast\u0103 situa\u021bie subliniaz\u0103 \u0219i mai mult necesitatea urgent\u0103 de a consolida securitatea energetic\u0103 a \u021b\u0103rii.<\/p>\n","protected":false},"excerpt":{"rendered":"<p>Pre\u0219edintele Ucrainei, Volodimir Zelenski, a anun\u021bat recent pe pagina sa de Facebook c\u0103 a discutat cu primarul Bucure\u0219tiului, Nicu\u0219or Dan, despre poten\u021biale proiecte energetice comune care ar putea \u00eent\u0103ri securitatea energetic\u0103 a ambelor \u021b\u0103ri, Ucraina \u0219i Rom\u00e2nia. Zelenski a subliniat importan\u021ba implement\u0103rii acestor ini\u021biative \u0219i a men\u021bionat c\u0103 echipele din cele dou\u0103 \u021b\u0103ri vor continua [&hellip;]<\/p>\n","protected":false},"author":2,"featured_media":1100,"comment_status":"open","ping_status":"open","sticky":false,"template":"","format":"standard","meta":{"jnews-multi-image_gallery":[],"jnews_single_post":[],"jnews_primary_category":[],"jnews_override_counter":[],"footnotes":""},"categories":[42],"tags":[922,1085,286,1676,149,1675,682,1030],"class_list":["post-1099","post","type-post","status-publish","format-standard","has-post-thumbnail","hentry","category-politica","tag-atacuri-rusesti","tag-infrastructura-energetica","tag-nicusor-dan","tag-proiecte-energetice","tag-romania","tag-securitate-energetica","tag-ucraina","tag-zelenski"],"_links":{"self":[{"href":"https:\/\/www.newsrecorder.ro\/app\/wp-json\/wp\/v2\/posts\/1099","targetHints":{"allow":["GET"]}}],"collection":[{"href":"https:\/\/www.newsrecorder.ro\/app\/wp-json\/wp\/v2\/posts"}],"about":[{"href":"https:\/\/www.newsrecorder.ro\/app\/wp-json\/wp\/v2\/types\/post"}],"author":[{"embeddable":true,"href":"https:\/\/www.newsrecorder.ro\/app\/wp-json\/wp\/v2\/users\/2"}],"replies":[{"embeddable":true,"href":"https:\/\/www.newsrecorder.ro\/app\/wp-json\/wp\/v2\/comments?post=1099"}],"version-history":[{"count":0,"href":"https:\/\/www.newsrecorder.ro\/app\/wp-json\/wp\/v2\/posts\/1099\/revisions"}],"wp:featuredmedia":[{"embeddable":true,"href":"https:\/\/www.newsrecorder.ro\/app\/wp-json\/wp\/v2\/media\/1100"}],"wp:attachment":[{"href":"https:\/\/www.newsrecorder.ro\/app\/wp-json\/wp\/v2\/media?parent=1099"}],"wp:term":[{"taxonomy":"category","embeddable":true,"href":"https:\/\/www.newsrecorder.ro\/app\/wp-json\/wp\/v2\/categories?post=1099"},{"taxonomy":"post_tag","embeddable":true,"href":"https:\/\/www.newsrecorder.ro\/app\/wp-json\/wp\/v2\/tags?post=1099"}],"curies":[{"name":"wp","href":"https:\/\/api.w.org\/{rel}","templated":true}]}}