{"id":11002,"date":"2026-03-30T10:15:36","date_gmt":"2026-03-30T10:15:36","guid":{"rendered":"https:\/\/www.newsrecorder.ro\/app\/2026\/03\/30\/preturile-alimentelor-de-baza-explodeaza-in-2-zile-ce-sa-stii\/"},"modified":"2026-03-30T10:15:36","modified_gmt":"2026-03-30T10:15:36","slug":"preturile-alimentelor-de-baza-explodeaza-in-2-zile-ce-sa-stii","status":"publish","type":"post","link":"https:\/\/www.newsrecorder.ro\/app\/2026\/03\/30\/preturile-alimentelor-de-baza-explodeaza-in-2-zile-ce-sa-stii\/","title":{"rendered":"Pre\u021burile alimentelor de baz\u0103 explodeaz\u0103 \u00een 2 zile! Ce s\u0103 \u0219tii?"},"content":{"rendered":"<p>\u00cen absen\u021ba unor m\u0103suri suplimentare din partea guvernului, se preconizeaz\u0103 o serie de scumpiri la diverse produse esen\u021biale, conform unui articol publicat de <a href=\"https:\/\/www.gandul.ro\/financiar\/asteptati-va-la-noi-scumpiri-in-2-zile-expira-plafonarea-preturilor-la-alimentele-de-baza-ce-produse-se-vor-scumpi-de-la-1-aprilie-20845199\" target=\"_blank\" rel=\"noopener\">gandul.ro<\/a>. Printre produsele afectate se num\u0103r\u0103:<\/p>\n<ul>\n<li>p\u00e2ine alb\u0103, 300-500 grame;<\/li>\n<li>lapte de vac\u0103 1 l, cu 1,5% gr\u0103sime;<\/li>\n<li>br\u00e2nz\u0103 telemea de vac\u0103 vrac;<\/li>\n<li>iaurt simplu, 3,5% gr\u0103sime, maxim 200 grame;<\/li>\n<li>f\u0103in\u0103 alb\u0103;<\/li>\n<li>m\u0103lai;<\/li>\n<li>ou\u0103 de g\u0103in\u0103;<\/li>\n<li>ulei de floarea-soarelui;<\/li>\n<li>carne proasp\u0103t\u0103 de pui;<\/li>\n<li>carne proasp\u0103t\u0103 de porc;<\/li>\n<li>legume (ro\u0219ii, ceap\u0103, castrave\u021bi, fasole uscat\u0103, morcovi, ardei gras \u0219i ardei capia, usturoi);<\/li>\n<li>fructe (mere ro\u0219ii \u0219i mere golden, prune, pere, struguri de mas\u0103);<\/li>\n<li>cartofi proaspe\u021bi albi;<\/li>\n<li>zah\u0103r;<\/li>\n<li>sm\u00e2nt\u00e2n\u0103 \u2013 12% gr\u0103sime;<\/li>\n<li>unt;<\/li>\n<li>magiun.<\/li>\n<\/ul>\n<p>Acestea sunt produsele pentru care a fost implementat\u0103 plafonarea pre\u021burilor, o m\u0103sur\u0103 menit\u0103 s\u0103 limiteze adaosul comercial pe lan\u021bul de distribu\u021bie, astfel \u00eenc\u00e2t pre\u021burile de la raft s\u0103 nu creasc\u0103.<\/p>\n<h2>Ce este plafonarea pre\u021burilor alimentelor?<\/h2>\n<p>Plafonarea pre\u021burilor la alimentele de baz\u0103 a fost introdus\u0103 ca o solu\u021bie temporar\u0103 pentru a controla scumpirile accelerate, cauzate de pandemia COVID-19 \u0219i de conflictul din Ucraina. \u00cen vara anului 2023, c\u00e2nd pre\u021burile alimentelor cre\u0219teau constant, guvernul condus de Marcel Ciolacu a intervenit pentru a limita adaosul pe care comercian\u021bii \u0219i furnizorii \u00eel puteau ad\u0103uga la pre\u021bul de produc\u021bie.<\/p>\n<p>Este esen\u021bial de men\u021bionat c\u0103 nu s-a instituit o blocare total\u0103 a pre\u021burilor, ci a fost impus\u0103 o limitare a adaosului comercial. Astfel, supermarketurile, distribuitorii \u0219i procesatorii nu mai aveau libertatea de a aplica orice procent dorit peste pre\u021bul ini\u021bial. Aceast\u0103 m\u0103sur\u0103 a fost aplicat\u0103 produselor esen\u021biale, cum ar fi p\u00e2inea, laptele, ou\u0103le, uleiul, zah\u0103rul \u0219i carnea, care sunt cump\u0103rate zilnic de c\u0103tre consumatori.<\/p>\n<p>Ini\u021bial, plafonarea era planificat\u0103 s\u0103 dureze doar c\u00e2teva luni, ca o solu\u021bie temporar\u0103. Cu toate acestea, av\u00e2nd \u00een vedere c\u0103 infla\u021bia nu a disp\u0103rut, guvernul a decis s\u0103 o prelungesc\u0103. Astfel, m\u0103sura a fost \u00een vigoare timp de aproape trei ani, p\u00e2n\u0103 pe 31 martie 2026.<\/p>\n<p>\u00cen primele luni de implementare, efectele au fost vizibile: anumite produse nu s-au mai scumpit, iar altele s-au ieftinit u\u0219or. \u00cen general, ritmul scumpirilor a \u00eencetinit, ceea ce a contribuit la o \u00eencetinire \u0219i chiar o sc\u0103dere a infla\u021biei. Dac\u0103 anterior pre\u021burile alimentelor cre\u0219teau rapid, dup\u0103 introducerea plafon\u0103rii, ele au \u00eenceput s\u0103 creasc\u0103 mai lent. De\u0219i costul vie\u021bii nu a sc\u0103zut, cel pu\u021bin nu a crescut cu aceea\u0219i vitez\u0103.<\/p>\n<p>Totu\u0219i, m\u0103sura nu a fost lipsit\u0103 de imperfec\u021biuni. Comercian\u021bii au g\u0103sit metode alternative pentru a recupera pierderile, cum ar fi majorarea pre\u021burilor la alte produse care nu erau supuse plafon\u0103rii.<\/p>\n<p>Acum, cu expirarea plafon\u0103rii, situa\u021bia va reveni la normal. Fiecare comerciant \u00ee\u0219i va stabili din nou adaosul comercial liber, ceea ce va duce inevitabil la o cre\u0219tere a pre\u021burilor.<\/p>\n","protected":false},"excerpt":{"rendered":"<p>\u00cen absen\u021ba unor m\u0103suri suplimentare din partea guvernului, se preconizeaz\u0103 o serie de scumpiri la diverse produse esen\u021biale, conform unui articol publicat de gandul.ro. Printre produsele afectate se num\u0103r\u0103: p\u00e2ine alb\u0103, 300-500 grame; lapte de vac\u0103 1 l, cu 1,5% gr\u0103sime; br\u00e2nz\u0103 telemea de vac\u0103 vrac; iaurt simplu, 3,5% gr\u0103sime, maxim 200 grame; f\u0103in\u0103 alb\u0103; [&hellip;]<\/p>\n","protected":false},"author":4,"featured_media":11003,"comment_status":"open","ping_status":"open","sticky":false,"template":"","format":"standard","meta":{"jnews-multi-image_gallery":[],"jnews_single_post":[],"jnews_primary_category":[],"jnews_override_counter":[],"footnotes":""},"categories":[40],"tags":[12127,779,2091,301,13912,535,13911,9711],"class_list":["post-11002","post","type-post","status-publish","format-standard","has-post-thumbnail","hentry","category-econonie","tag-alimentatie","tag-costuri","tag-criza-economica","tag-guvern","tag-plafonarea-preturilor","tag-preturi","tag-produse-esentiale","tag-scumpiri"],"_links":{"self":[{"href":"https:\/\/www.newsrecorder.ro\/app\/wp-json\/wp\/v2\/posts\/11002","targetHints":{"allow":["GET"]}}],"collection":[{"href":"https:\/\/www.newsrecorder.ro\/app\/wp-json\/wp\/v2\/posts"}],"about":[{"href":"https:\/\/www.newsrecorder.ro\/app\/wp-json\/wp\/v2\/types\/post"}],"author":[{"embeddable":true,"href":"https:\/\/www.newsrecorder.ro\/app\/wp-json\/wp\/v2\/users\/4"}],"replies":[{"embeddable":true,"href":"https:\/\/www.newsrecorder.ro\/app\/wp-json\/wp\/v2\/comments?post=11002"}],"version-history":[{"count":0,"href":"https:\/\/www.newsrecorder.ro\/app\/wp-json\/wp\/v2\/posts\/11002\/revisions"}],"wp:featuredmedia":[{"embeddable":true,"href":"https:\/\/www.newsrecorder.ro\/app\/wp-json\/wp\/v2\/media\/11003"}],"wp:attachment":[{"href":"https:\/\/www.newsrecorder.ro\/app\/wp-json\/wp\/v2\/media?parent=11002"}],"wp:term":[{"taxonomy":"category","embeddable":true,"href":"https:\/\/www.newsrecorder.ro\/app\/wp-json\/wp\/v2\/categories?post=11002"},{"taxonomy":"post_tag","embeddable":true,"href":"https:\/\/www.newsrecorder.ro\/app\/wp-json\/wp\/v2\/tags?post=11002"}],"curies":[{"name":"wp","href":"https:\/\/api.w.org\/{rel}","templated":true}]}}