{"id":11004,"date":"2026-03-30T10:15:53","date_gmt":"2026-03-30T10:15:53","guid":{"rendered":"https:\/\/www.newsrecorder.ro\/app\/2026\/03\/30\/ministrul-agriculturii-plafonarea-adaosului-salvarea-consumatorului\/"},"modified":"2026-03-30T10:15:53","modified_gmt":"2026-03-30T10:15:53","slug":"ministrul-agriculturii-plafonarea-adaosului-salvarea-consumatorului","status":"publish","type":"post","link":"https:\/\/www.newsrecorder.ro\/app\/2026\/03\/30\/ministrul-agriculturii-plafonarea-adaosului-salvarea-consumatorului\/","title":{"rendered":"\u201eMinistrul Agriculturii: Plafonarea adaosului, salvarea consumatorului?\u201d"},"content":{"rendered":"<p class=\"font-claude-response-body break-words whitespace-normal leading-[1.7]\">Florin <a href=\"https:\/\/www.mediafax.ro\/economic\/motorina-la-pret-redus-fara-tva-si-accize-pentru-fermieri-propunerea-madr-in-contextul-scumpirii-carburantilor-23711180\">Barbu<\/a>, ministrul Agriculturii, a anun\u021bat recent c\u0103 plafonarea adaosului comercial pentru alimentele de baz\u0103 va expira pe 31 martie. \u00cen acest context, el a solicitat extinderea acestei m\u0103suri pentru a include toate produsele agroalimentare.<\/p>\n<p class=\"font-claude-response-body break-words whitespace-normal leading-[1.7]\">Ministrul a subliniat c\u0103 schema propus\u0103 de Partidul Social Democrat nu va afecta func\u021bionarea magazinelor de retail din Rom\u00e2nia. Barbu a explicat c\u0103 un profit net de 20% este calculat dup\u0103 acoperirea tuturor cheltuielilor directe \u0219i indirecte, \u00eentreb\u00e2nd retoric: \u201eNu mai este bine s\u0103 ai un profit net de 20% \u00een retail?\u201d<\/p>\n<p class=\"font-claude-response-body break-words whitespace-normal leading-[1.7]\">Datele recente din teren arat\u0103 o sc\u0103dere a pre\u021burilor la alimentele de baz\u0103 cuprins\u0103 \u00eentre 15% \u0219i 33% \u00een perioada \u00een care s-a aplicat plafonarea. Ministrul a prezentat aceste informa\u021bii oficiale provenite de la Consiliul Concuren\u021bei, avertiz\u00e2nd c\u0103, \u00een contextul cre\u0219terii pre\u021burilor la energie, gaze \u0219i combustibili, eliminarea plafonului ar putea avea un impact negativ asupra consumatorilor rom\u00e2ni.<\/p>\n<p class=\"font-claude-response-body break-words whitespace-normal leading-[1.7]\">\u00cen aceea\u0219i zi, Barbu a anun\u021bat o nou\u0103 reglementare pentru sectorul agricol, care va permite fermierilor s\u0103 achizi\u021bioneze 78 de litri de motorin\u0103 pe hectar f\u0103r\u0103 a pl\u0103ti accize \u0219i TVA. Ministrul a criticat sistemul actual, care impune ramburs\u0103ri \u00eent\u00e2rziate ale accizei, de \u0219apte-opt luni, \u0219i restituirea TVA-ului de c\u0103tre ANAF \u00een termene ce pot ajunge la trei luni sau chiar un an, dup\u0103 inspec\u021bii fiscale.<\/p>\n<p class=\"font-claude-response-body break-words whitespace-normal leading-[1.7]\">Barbu a men\u021bionat c\u0103 starea de criz\u0103 declarat \u00een Rom\u00e2nia ofer\u0103 statului posibilitatea de a interveni \u00een pie\u021bele de combustibil, alimente \u0219i energie f\u0103r\u0103 a fi necesar\u0103 notificarea Comisiei Europene. \u201ePe o perioad\u0103 de \u0219ase luni, pia\u021ba din Rom\u00e2nia se va regla 100%,\u201d a declarat ministrul, subliniind angajamentul guvernului de a proteja consumatorii \u0219i de a men\u021bine stabilitatea economic\u0103.<\/p>\n","protected":false},"excerpt":{"rendered":"<p>Florin Barbu, ministrul Agriculturii, a anun\u021bat recent c\u0103 plafonarea adaosului comercial pentru alimentele de baz\u0103 va expira pe 31 martie. \u00cen acest context, el a solicitat extinderea acestei m\u0103suri pentru a include toate produsele agroalimentare. Ministrul a subliniat c\u0103 schema propus\u0103 de Partidul Social Democrat nu va afecta func\u021bionarea magazinelor de retail din Rom\u00e2nia. Barbu [&hellip;]<\/p>\n","protected":false},"author":4,"featured_media":11005,"comment_status":"open","ping_status":"open","sticky":false,"template":"","format":"standard","meta":{"jnews-multi-image_gallery":[],"jnews_single_post":[],"jnews_primary_category":[],"jnews_override_counter":[],"footnotes":""},"categories":[40],"tags":[13914,2483,2518,13916,2152,13913,9571,13915],"class_list":["post-11004","post","type-post","status-publish","format-standard","has-post-thumbnail","hentry","category-econonie","tag-alimente-de-baza","tag-consiliul-concurentei","tag-florin-barbu","tag-impact-consumatori","tag-partidul-social-democrat","tag-plafonare-adaos-comercial","tag-preturi-alimente","tag-retail-romania"],"_links":{"self":[{"href":"https:\/\/www.newsrecorder.ro\/app\/wp-json\/wp\/v2\/posts\/11004","targetHints":{"allow":["GET"]}}],"collection":[{"href":"https:\/\/www.newsrecorder.ro\/app\/wp-json\/wp\/v2\/posts"}],"about":[{"href":"https:\/\/www.newsrecorder.ro\/app\/wp-json\/wp\/v2\/types\/post"}],"author":[{"embeddable":true,"href":"https:\/\/www.newsrecorder.ro\/app\/wp-json\/wp\/v2\/users\/4"}],"replies":[{"embeddable":true,"href":"https:\/\/www.newsrecorder.ro\/app\/wp-json\/wp\/v2\/comments?post=11004"}],"version-history":[{"count":0,"href":"https:\/\/www.newsrecorder.ro\/app\/wp-json\/wp\/v2\/posts\/11004\/revisions"}],"wp:featuredmedia":[{"embeddable":true,"href":"https:\/\/www.newsrecorder.ro\/app\/wp-json\/wp\/v2\/media\/11005"}],"wp:attachment":[{"href":"https:\/\/www.newsrecorder.ro\/app\/wp-json\/wp\/v2\/media?parent=11004"}],"wp:term":[{"taxonomy":"category","embeddable":true,"href":"https:\/\/www.newsrecorder.ro\/app\/wp-json\/wp\/v2\/categories?post=11004"},{"taxonomy":"post_tag","embeddable":true,"href":"https:\/\/www.newsrecorder.ro\/app\/wp-json\/wp\/v2\/tags?post=11004"}],"curies":[{"name":"wp","href":"https:\/\/api.w.org\/{rel}","templated":true}]}}