{"id":1101,"date":"2026-01-31T20:11:30","date_gmt":"2026-01-31T20:11:30","guid":{"rendered":"https:\/\/www.newsrecorder.ro\/app\/2026\/01\/31\/ministrul-irlandez-thomas-byrne-soseste-la-bucuresti-pentru-discutii-esentiale\/"},"modified":"2026-01-31T20:11:30","modified_gmt":"2026-01-31T20:11:30","slug":"ministrul-irlandez-thomas-byrne-soseste-la-bucuresti-pentru-discutii-esentiale","status":"publish","type":"post","link":"https:\/\/www.newsrecorder.ro\/app\/2026\/01\/31\/ministrul-irlandez-thomas-byrne-soseste-la-bucuresti-pentru-discutii-esentiale\/","title":{"rendered":"Ministrul irlandez Thomas Byrne sose\u0219te la Bucure\u0219ti pentru discu\u021bii esen\u021biale"},"content":{"rendered":"<p>Conform unui comunicat emis de Ministerul Afacerilor Externe (MAE), \u00eent\u00e2lnirile au avut loc miercuri, \u00een Bucure\u0219ti. Ministrul rom\u00e2n de Externe a eviden\u021biat \u201enivelul solid al rela\u021biei bilaterale rom\u00e2no-irlandeze\u201d, discut\u00e2nd despre pozi\u021biile \u0219i interesele comune ale celor dou\u0103 state \u00een cadrul Uniunii Europene. Un punct important pe agend\u0103 a fost preg\u0103tirea Irlandei pentru viitoarea pre\u0219edin\u021bie a Consiliului UE, un mandat care va \u00eencepe \u00een iulie 2026.<\/p>\n<p>At\u00e2t ministra rom\u00e2n\u0103, c\u00e2t \u0219i oficialul irlandez au subliniat importan\u021ba consolid\u0103rii proiectului european \u0219i a men\u021binerii unit\u0103\u021bii dintre statele membre. Ei au accentuat c\u0103 \u00eent\u0103rirea rezilien\u021bei Uniunii Europene \u00een contextul actual interna\u021bional este o necesitate urgent\u0103.<\/p>\n<p>\u00cen aceast\u0103 perioad\u0103, ministrul pentru Afaceri Europene al Irlandei, Thomas Byrne, a avut consult\u0103ri cu Clara Staicu, secretar de stat pentru afaceri europene, Orientul Mijlociu \u0219i Africa. Aceast\u0103 \u00eent\u00e2lnire a avut ca scop discutarea modalit\u0103\u021bilor concrete de \u00eent\u0103rire a cooper\u0103rii europene, ax\u00e2ndu-se pe priorit\u0103\u021bi precum avansarea procesului de extindere, protejarea \u0219i promovarea valorilor democratice, precum \u0219i negocierea privind Cadrul Financiar Multianual 2028-2034.<\/p>\n<p>De asemenea, discu\u021biile au vizat consolidarea competitivit\u0103\u021bii europene \u0219i implementarea unei abord\u0103ri strategice a Uniunii Europene \u00een regiunea M\u0103rii Negre. Secretarul de stat, Clara Staicu, a adus \u00een discu\u021bie \u0219i procesul de extindere cu candida\u021bii din Vecin\u0103tatea Estic\u0103 \u2013 Republica Moldova \u0219i Ucraina \u2013 precum \u0219i cu partenerii din Balcanii de Vest, subliniind importan\u021ba progreselor realizate de statele candidate.<\/p>\n<p>\u00cen ceea ce prive\u0219te asumarea rolului Irlandei la Pre\u0219edin\u021bia Rotativ\u0103 a Uniunii Europene, cei doi oficiali au convenit s\u0103 colaboreze \u0219i s\u0103 men\u021bin\u0103 un dialog activ pe temele de interes comun incluse pe agenda european\u0103.<\/p>\n","protected":false},"excerpt":{"rendered":"<p>Conform unui comunicat emis de Ministerul Afacerilor Externe (MAE), \u00eent\u00e2lnirile au avut loc miercuri, \u00een Bucure\u0219ti. Ministrul rom\u00e2n de Externe a eviden\u021biat \u201enivelul solid al rela\u021biei bilaterale rom\u00e2no-irlandeze\u201d, discut\u00e2nd despre pozi\u021biile \u0219i interesele comune ale celor dou\u0103 state \u00een cadrul Uniunii Europene. Un punct important pe agend\u0103 a fost preg\u0103tirea Irlandei pentru viitoarea pre\u0219edin\u021bie a [&hellip;]<\/p>\n","protected":false},"author":2,"featured_media":1102,"comment_status":"open","ping_status":"open","sticky":false,"template":"","format":"standard","meta":{"jnews-multi-image_gallery":[],"jnews_single_post":[],"jnews_primary_category":[],"jnews_override_counter":[],"footnotes":""},"categories":[42],"tags":[1986,1677,1987,1679,1324,1345,149,321],"class_list":["post-1101","post","type-post","status-publish","format-standard","has-post-thumbnail","hentry","category-politica","tag-consiliul-ue","tag-irlanda","tag-presedintie","tag-proiect-european","tag-relatii-bilaterale","tag-rezilienta","tag-romania","tag-uniunea-europeana"],"_links":{"self":[{"href":"https:\/\/www.newsrecorder.ro\/app\/wp-json\/wp\/v2\/posts\/1101","targetHints":{"allow":["GET"]}}],"collection":[{"href":"https:\/\/www.newsrecorder.ro\/app\/wp-json\/wp\/v2\/posts"}],"about":[{"href":"https:\/\/www.newsrecorder.ro\/app\/wp-json\/wp\/v2\/types\/post"}],"author":[{"embeddable":true,"href":"https:\/\/www.newsrecorder.ro\/app\/wp-json\/wp\/v2\/users\/2"}],"replies":[{"embeddable":true,"href":"https:\/\/www.newsrecorder.ro\/app\/wp-json\/wp\/v2\/comments?post=1101"}],"version-history":[{"count":0,"href":"https:\/\/www.newsrecorder.ro\/app\/wp-json\/wp\/v2\/posts\/1101\/revisions"}],"wp:featuredmedia":[{"embeddable":true,"href":"https:\/\/www.newsrecorder.ro\/app\/wp-json\/wp\/v2\/media\/1102"}],"wp:attachment":[{"href":"https:\/\/www.newsrecorder.ro\/app\/wp-json\/wp\/v2\/media?parent=1101"}],"wp:term":[{"taxonomy":"category","embeddable":true,"href":"https:\/\/www.newsrecorder.ro\/app\/wp-json\/wp\/v2\/categories?post=1101"},{"taxonomy":"post_tag","embeddable":true,"href":"https:\/\/www.newsrecorder.ro\/app\/wp-json\/wp\/v2\/tags?post=1101"}],"curies":[{"name":"wp","href":"https:\/\/api.w.org\/{rel}","templated":true}]}}