{"id":11026,"date":"2026-03-30T11:11:51","date_gmt":"2026-03-30T11:11:51","guid":{"rendered":"https:\/\/www.newsrecorder.ro\/app\/2026\/03\/30\/autostrada-transilvania-moldova-ministrul-transporturilor-face-anunt-crucial\/"},"modified":"2026-03-30T11:11:51","modified_gmt":"2026-03-30T11:11:51","slug":"autostrada-transilvania-moldova-ministrul-transporturilor-face-anunt-crucial","status":"publish","type":"post","link":"https:\/\/www.newsrecorder.ro\/app\/2026\/03\/30\/autostrada-transilvania-moldova-ministrul-transporturilor-face-anunt-crucial\/","title":{"rendered":"Autostrada Transilvania-Moldova: Ministrul Transporturilor face anun\u021b crucial!"},"content":{"rendered":"<p>Ciprian \u0218erban a declarat c\u0103, \u00eencep\u00e2nd de luni, \u201easocierea condus\u0103 de constructorul rom\u00e2n UMB va demara etapa de proiectare \u00een cadrul contractelor de proiectare \u0219i execu\u021bie pentru loturile 1C S\u0103r\u0103\u021beni-Joseni \u0219i 2B Grin\u021bie\u0219-Pipirig. Acestea sunt considerate printre cele mai complexe loturi de autostrad\u0103 pe care le vom construi \u00een Rom\u00e2nia.\u201d<\/p>\n<p>Cele dou\u0103 contracte, gestionate de Compania Na\u021bional\u0103 de Investi\u021bii Rutiere, au fost semnate anul trecut \u0219i au o durat\u0103 estimat\u0103 de realizare de 54 de luni. Odat\u0103 cu \u00eenceperea acestei etape, \u00eentreg segmentul montan ce leag\u0103 S\u0103r\u0103\u021beni de Pipirig, cu o lungime total\u0103 de 116 kilometri, intr\u0103 \u00een faza de proiectare.<\/p>\n<p>\u201eLotul 1C S\u0103r\u0103\u021beni-Joseni, cu o lungime de 32,4 kilometri, se desf\u0103\u0219oar\u0103 prin jude\u021bele Mure\u0219 \u0219i Harghita. Pe acest traseu sunt prev\u0103zute peste 30 de pasaje, trei tuneluri \u0219i dou\u0103 pasaje pentru asigurarea permeabilit\u0103\u021bii animalelor. Lotul 2B Grin\u021bie\u0219-Pipirig, pe care \u00eel consider\u0103m cel mai dificil din \u00eentreaga Autostrad\u0103 A8, va include 60 de poduri \u0219i pasaje, precum \u0219i 16 tuneluri pe traseul din jude\u021bul Neam\u021b. De asemenea, pentru a facilita conexiunea cu lotul 2A Ditr\u0103u-Grin\u021bie\u0219, care se afl\u0103 \u00een prezent \u00een faza de proiectare, a fost prev\u0103zut un nod rutier \u00een apropierea localit\u0103\u021bii Tulghe\u0219. La est, pentru a asigura leg\u0103tura cu lotul 2C Pipirig-V\u00e2n\u0103tori Neam\u021b (Leghin), va exista o desc\u0103rcare provizorie, garant\u00e2nd astfel o func\u021bionare independent\u0103 a acestui segment,\u201d a explicat ministrul Transporturilor. <\/p>\n","protected":false},"excerpt":{"rendered":"<p>Ciprian \u0218erban a declarat c\u0103, \u00eencep\u00e2nd de luni, \u201easocierea condus\u0103 de constructorul rom\u00e2n UMB va demara etapa de proiectare \u00een cadrul contractelor de proiectare \u0219i execu\u021bie pentru loturile 1C S\u0103r\u0103\u021beni-Joseni \u0219i 2B Grin\u021bie\u0219-Pipirig. Acestea sunt considerate printre cele mai complexe loturi de autostrad\u0103 pe care le vom construi \u00een Rom\u00e2nia.\u201d Cele dou\u0103 contracte, gestionate de [&hellip;]<\/p>\n","protected":false},"author":2,"featured_media":11027,"comment_status":"open","ping_status":"open","sticky":false,"template":"","format":"standard","meta":{"jnews-multi-image_gallery":[],"jnews_single_post":[],"jnews_primary_category":[],"jnews_override_counter":[],"footnotes":""},"categories":[39],"tags":[6608,13934,13933,10184,13936,4012,149,13935],"class_list":["post-11026","post","type-post","status-publish","format-standard","has-post-thumbnail","hentry","category-stirile-zilei","tag-autostrada","tag-compania-nationala-de-investitii-rutiere","tag-executie","tag-loturi","tag-pipirig","tag-proiectare","tag-romania","tag-sarateni"],"_links":{"self":[{"href":"https:\/\/www.newsrecorder.ro\/app\/wp-json\/wp\/v2\/posts\/11026","targetHints":{"allow":["GET"]}}],"collection":[{"href":"https:\/\/www.newsrecorder.ro\/app\/wp-json\/wp\/v2\/posts"}],"about":[{"href":"https:\/\/www.newsrecorder.ro\/app\/wp-json\/wp\/v2\/types\/post"}],"author":[{"embeddable":true,"href":"https:\/\/www.newsrecorder.ro\/app\/wp-json\/wp\/v2\/users\/2"}],"replies":[{"embeddable":true,"href":"https:\/\/www.newsrecorder.ro\/app\/wp-json\/wp\/v2\/comments?post=11026"}],"version-history":[{"count":0,"href":"https:\/\/www.newsrecorder.ro\/app\/wp-json\/wp\/v2\/posts\/11026\/revisions"}],"wp:featuredmedia":[{"embeddable":true,"href":"https:\/\/www.newsrecorder.ro\/app\/wp-json\/wp\/v2\/media\/11027"}],"wp:attachment":[{"href":"https:\/\/www.newsrecorder.ro\/app\/wp-json\/wp\/v2\/media?parent=11026"}],"wp:term":[{"taxonomy":"category","embeddable":true,"href":"https:\/\/www.newsrecorder.ro\/app\/wp-json\/wp\/v2\/categories?post=11026"},{"taxonomy":"post_tag","embeddable":true,"href":"https:\/\/www.newsrecorder.ro\/app\/wp-json\/wp\/v2\/tags?post=11026"}],"curies":[{"name":"wp","href":"https:\/\/api.w.org\/{rel}","templated":true}]}}