{"id":11030,"date":"2026-03-30T17:13:41","date_gmt":"2026-03-30T17:13:41","guid":{"rendered":"https:\/\/www.newsrecorder.ro\/app\/2026\/03\/30\/thomas-tuchel-anglia-pregatita-sa-straluceasca-la-cupa-mondiala\/"},"modified":"2026-03-30T17:13:41","modified_gmt":"2026-03-30T17:13:41","slug":"thomas-tuchel-anglia-pregatita-sa-straluceasca-la-cupa-mondiala","status":"publish","type":"post","link":"https:\/\/www.newsrecorder.ro\/app\/2026\/03\/30\/thomas-tuchel-anglia-pregatita-sa-straluceasca-la-cupa-mondiala\/","title":{"rendered":"Thomas Tuchel: Anglia preg\u0103tit\u0103 s\u0103 str\u0103luceasc\u0103 la Cupa Mondial\u0103!"},"content":{"rendered":"<p>Selec\u021bionerul Angliei, Thomas Tuchel, a exprimat mul\u021bumirea fa\u021b\u0103 de desf\u0103\u0219urarea cantonamentului na\u021bionalei, subliniind c\u0103 a reu\u0219it s\u0103 integreze mul\u021bi juc\u0103tori noi \u0219i c\u0103 echipa a realizat multe lucruri bine p\u00e2n\u0103 \u00een prezent. Declara\u021bia a fost f\u0103cut\u0103 luni, \u00een cadrul unei conferin\u021be de pres\u0103.<\/p>\n<p>\u00centrebat despre o compara\u021bie \u00eentre echipa sa \u0219i Fran\u021ba, una dintre principalele rivale la trofeu, care a \u00eenvins Brazilia cu 2-1, \u00een timp ce Anglia a terminat la egalitate cu Uruguay (1-1), Tuchel a men\u021bionat c\u0103 este prea devreme pentru astfel de evalu\u0103ri. \u201eEste doar martie. Avem nevoie de aceste teste pentru a ne cunoa\u0219te mai bine. C\u00e2nd va \u00eencepe turneul, nu ne vom mai g\u00e2ndi la martie. Vom fi preg\u0103ti\u021bi\u201d, a ad\u0103ugat el.<\/p>\n<p>Selec\u021bionerul a recunoscut provoc\u0103rile generate de programul aglomerat al juc\u0103torilor, dar a subliniat c\u0103 nu este nemul\u021bumit de performan\u021bele acestora. \u201eSunt dezam\u0103git, dar nu de juc\u0103tori, ci de context. Este o realitate a finalului de sezon, cu mul\u021bi juc\u0103tori implica\u021bi \u00een competi\u021bii europene. Avem juc\u0103tori care au acumulat deja mai multe minute dec\u00e2t \u00een tot sezonul trecut\u201d, a explicat Tuchel.<\/p>\n<p>\u00cen acela\u0219i timp, el a accentuat importan\u021ba unei pauze mentale \u0219i a revenirii \u00een cantonament. \u201eJuc\u0103torii au avut nevoie de o pauz\u0103. Am observat energia cu care s-au \u00eentors \u0219i dorin\u021ba de a se reconecta. Acesta este ultimul nostru cantonament \u00eenainte de plecarea \u00een America, a\u0219a c\u0103 vrem s\u0103 ne reafirm\u0103m principiile\u201d, a continuat selec\u021bionerul.<\/p>\n<p>Referitor la starea de s\u0103n\u0103tate a juc\u0103torilor, Tuchel a discutat despre deciziile luate \u00een urma accident\u0103rilor. \u201eNu sunt expert medical. Am f\u0103cut o evaluare dup\u0103 meci, iar niciunul dintre juc\u0103tori nu a putut r\u0103m\u00e2ne pentru a juca\u201d, a declarat el.<\/p>\n<p>\u00cen ceea ce \u00eei prive\u0219te pe Declan Rice \u0219i Bukayo Saka, Tuchel a men\u021bionat c\u0103 ambii \u0219i-au dorit s\u0103 continue, dar au fost nevoi\u021bi s\u0103 se retrag\u0103. \u201eAu fost evalua\u021bi medical. Au avut o mare dorin\u021b\u0103 de a juca, dar nu avea sens s\u0103 risc\u0103m. Dac\u0103 ar fi fost ultimul meci al sezonului, poate am fi \u00eencercat orice pentru a-i p\u0103stra \u00een echip\u0103\u201d, a explicat el.<\/p>\n<p>Despre Adam Wharton, selec\u021bionerul a asigurat c\u0103 situa\u021bia sa nu este grav\u0103. \u201eA avut o mic\u0103 problem\u0103, mai degrab\u0103 un disconfort dec\u00e2t o accidentare propriu-zis\u0103. To\u021bi vor lipsi c\u00e2teva zile, dar nu este nimic dramatic\u201d, a concluzionat Tuchel.<\/p>\n<p>Anglia se va confrunta mar\u021bi sear\u0103 cu selec\u021bionata Japoniei, \u00eentr-un meci amical programat s\u0103 \u00eenceap\u0103 la ora 21:45, la Londra.<\/p>\n","protected":false},"excerpt":{"rendered":"<p>Selec\u021bionerul Angliei, Thomas Tuchel, a exprimat mul\u021bumirea fa\u021b\u0103 de desf\u0103\u0219urarea cantonamentului na\u021bionalei, subliniind c\u0103 a reu\u0219it s\u0103 integreze mul\u021bi juc\u0103tori noi \u0219i c\u0103 echipa a realizat multe lucruri bine p\u00e2n\u0103 \u00een prezent. Declara\u021bia a fost f\u0103cut\u0103 luni, \u00een cadrul unei conferin\u021be de pres\u0103. \u00centrebat despre o compara\u021bie \u00eentre echipa sa \u0219i Fran\u021ba, una dintre principalele [&hellip;]<\/p>\n","protected":false},"author":6,"featured_media":11031,"comment_status":"open","ping_status":"open","sticky":false,"template":"","format":"standard","meta":{"jnews-multi-image_gallery":[],"jnews_single_post":[],"jnews_primary_category":[],"jnews_override_counter":[],"footnotes":""},"categories":[46],"tags":[13942,13944,56,82,724,1545,1787,13943],"class_list":["post-11030","post","type-post","status-publish","format-standard","has-post-thumbnail","hentry","category-sport","tag-anglia","tag-cantonament","tag-competitie","tag-echipa","tag-jucatori","tag-performante","tag-rivalitate","tag-thomas-tuchel"],"_links":{"self":[{"href":"https:\/\/www.newsrecorder.ro\/app\/wp-json\/wp\/v2\/posts\/11030","targetHints":{"allow":["GET"]}}],"collection":[{"href":"https:\/\/www.newsrecorder.ro\/app\/wp-json\/wp\/v2\/posts"}],"about":[{"href":"https:\/\/www.newsrecorder.ro\/app\/wp-json\/wp\/v2\/types\/post"}],"author":[{"embeddable":true,"href":"https:\/\/www.newsrecorder.ro\/app\/wp-json\/wp\/v2\/users\/6"}],"replies":[{"embeddable":true,"href":"https:\/\/www.newsrecorder.ro\/app\/wp-json\/wp\/v2\/comments?post=11030"}],"version-history":[{"count":0,"href":"https:\/\/www.newsrecorder.ro\/app\/wp-json\/wp\/v2\/posts\/11030\/revisions"}],"wp:featuredmedia":[{"embeddable":true,"href":"https:\/\/www.newsrecorder.ro\/app\/wp-json\/wp\/v2\/media\/11031"}],"wp:attachment":[{"href":"https:\/\/www.newsrecorder.ro\/app\/wp-json\/wp\/v2\/media?parent=11030"}],"wp:term":[{"taxonomy":"category","embeddable":true,"href":"https:\/\/www.newsrecorder.ro\/app\/wp-json\/wp\/v2\/categories?post=11030"},{"taxonomy":"post_tag","embeddable":true,"href":"https:\/\/www.newsrecorder.ro\/app\/wp-json\/wp\/v2\/tags?post=11030"}],"curies":[{"name":"wp","href":"https:\/\/api.w.org\/{rel}","templated":true}]}}