{"id":11038,"date":"2026-03-30T17:15:26","date_gmt":"2026-03-30T17:15:26","guid":{"rendered":"https:\/\/www.newsrecorder.ro\/app\/2026\/03\/30\/uefa-sanctioneaza-un-club-de-fotbal-pentru-bannerul-cu-ioana-darc\/"},"modified":"2026-03-30T17:15:26","modified_gmt":"2026-03-30T17:15:26","slug":"uefa-sanctioneaza-un-club-de-fotbal-pentru-bannerul-cu-ioana-darc","status":"publish","type":"post","link":"https:\/\/www.newsrecorder.ro\/app\/2026\/03\/30\/uefa-sanctioneaza-un-club-de-fotbal-pentru-bannerul-cu-ioana-darc\/","title":{"rendered":"UEFA sanc\u021bioneaz\u0103 un club de fotbal pentru bannerul cu Ioana d\u2019Arc!"},"content":{"rendered":"<p style=\"text-align: left\">Un incident controversat s-a petrecut \u00een urm\u0103 cu aproximativ dou\u0103 s\u0103pt\u0103m\u00e2ni, \u00een cadrul partidei din optimile de final\u0103 ale UEFA Europa League, \u00eentre Lille OSC \u0219i Aston Villa, desf\u0103\u0219urat\u0103 pe stadionul Stade Pierre-Mauroy din Lille.<\/p>\n<p style=\"text-align: left\">\u00cen urma acestui eveniment, clubul Lille OSC a fost sanc\u021bionat de UEFA, dup\u0103 ce suporterii echipei au expus un banner de mari dimensiuni cu imaginea lui Jeanne d\u2019Arc. Forul european a considerat c\u0103 mesajul bannerului ar putea avea conota\u021bii politice sau identitare, conform unei \u0219tiri publicate luni de <a href=\"https:\/\/www.lefigaro.fr\/sports\/football\/foot-le-club-de-lille-sanctionne-pour-un-tifo-geant-a-l-effigie-de-jeanne-d-arc-20260330\" target=\"_blank\" rel=\"noopener\">Le Figaro<\/a>.<\/p>\n<p style=\"text-align: left\">Bannerul a fost \u00eenso\u021bit de o serie de sloganuri puternice, precum \u201eFrancezii nu mor niciodat\u0103\u201d, \u201eJeanne ridic\u0103 sabia \u0219i Lille continu\u0103 lupta\u201d \u0219i \u201eM\u00e2ndri. Puternici. Feroce.\u201d Imaginea Ioanei d\u2019Arc, recunoscut\u0103 ca eroin\u0103 a Fran\u021bei din R\u0103zboiul de 100 de Ani, o prezenta pe aceasta \u021bin\u00e2nd o sabie \u00een fa\u021ba drapelului na\u021bional.<\/p>\n<p style=\"text-align: left\">Decizia UEFA de a sanc\u021biona clubul a fost bazat\u0103 pe interpretarea c\u0103 afi\u0219ajul ar putea reprezenta \u201eo manifestare de ordin politic sau identitar\u201d, ceea ce contravine regulamentelor care interzic mesajele discriminatorii sau care pot incita la ur\u0103. \u00cen consecin\u021b\u0103, Lille OSC a primit o amend\u0103 de 17.500 de euro.<\/p>\n<p style=\"text-align: left\">Aceast\u0103 sum\u0103 se adaug\u0103 altor penaliz\u0103ri impuse pentru acela\u0219i meci, care includ sanc\u021biuni pentru aruncarea de obiecte pe teren, utilizarea de artificii \u0219i \u00eent\u00e2rzierea startului partidei. Astfel, totalul sanc\u021biunilor acumulate de clubul francez ajunge la 82.750 de euro.<\/p>\n","protected":false},"excerpt":{"rendered":"<p>Un incident controversat s-a petrecut \u00een urm\u0103 cu aproximativ dou\u0103 s\u0103pt\u0103m\u00e2ni, \u00een cadrul partidei din optimile de final\u0103 ale UEFA Europa League, \u00eentre Lille OSC \u0219i Aston Villa, desf\u0103\u0219urat\u0103 pe stadionul Stade Pierre-Mauroy din Lille. \u00cen urma acestui eveniment, clubul Lille OSC a fost sanc\u021bionat de UEFA, dup\u0103 ce suporterii echipei au expus un banner [&hellip;]<\/p>\n","protected":false},"author":6,"featured_media":11039,"comment_status":"open","ping_status":"open","sticky":false,"template":"","format":"standard","meta":{"jnews-multi-image_gallery":[],"jnews_single_post":[],"jnews_primary_category":[],"jnews_override_counter":[],"footnotes":""},"categories":[46],"tags":[48,7172,13954,13953,8438,6399,87,8435],"class_list":["post-11038","post","type-post","status-publish","format-standard","has-post-thumbnail","hentry","category-sport","tag-aston-villa","tag-banner","tag-conotatii-politice","tag-jeanne-darc","tag-lille-osc","tag-sanctiune","tag-suporteri","tag-uefa-europa-league"],"_links":{"self":[{"href":"https:\/\/www.newsrecorder.ro\/app\/wp-json\/wp\/v2\/posts\/11038","targetHints":{"allow":["GET"]}}],"collection":[{"href":"https:\/\/www.newsrecorder.ro\/app\/wp-json\/wp\/v2\/posts"}],"about":[{"href":"https:\/\/www.newsrecorder.ro\/app\/wp-json\/wp\/v2\/types\/post"}],"author":[{"embeddable":true,"href":"https:\/\/www.newsrecorder.ro\/app\/wp-json\/wp\/v2\/users\/6"}],"replies":[{"embeddable":true,"href":"https:\/\/www.newsrecorder.ro\/app\/wp-json\/wp\/v2\/comments?post=11038"}],"version-history":[{"count":0,"href":"https:\/\/www.newsrecorder.ro\/app\/wp-json\/wp\/v2\/posts\/11038\/revisions"}],"wp:featuredmedia":[{"embeddable":true,"href":"https:\/\/www.newsrecorder.ro\/app\/wp-json\/wp\/v2\/media\/11039"}],"wp:attachment":[{"href":"https:\/\/www.newsrecorder.ro\/app\/wp-json\/wp\/v2\/media?parent=11038"}],"wp:term":[{"taxonomy":"category","embeddable":true,"href":"https:\/\/www.newsrecorder.ro\/app\/wp-json\/wp\/v2\/categories?post=11038"},{"taxonomy":"post_tag","embeddable":true,"href":"https:\/\/www.newsrecorder.ro\/app\/wp-json\/wp\/v2\/tags?post=11038"}],"curies":[{"name":"wp","href":"https:\/\/api.w.org\/{rel}","templated":true}]}}