{"id":11048,"date":"2026-03-30T17:17:14","date_gmt":"2026-03-30T17:17:14","guid":{"rendered":"https:\/\/www.newsrecorder.ro\/app\/2026\/03\/30\/europa-libera-romania-o-era-se-incheie-publicatia-se-inchide\/"},"modified":"2026-03-30T17:17:14","modified_gmt":"2026-03-30T17:17:14","slug":"europa-libera-romania-o-era-se-incheie-publicatia-se-inchide","status":"publish","type":"post","link":"https:\/\/www.newsrecorder.ro\/app\/2026\/03\/30\/europa-libera-romania-o-era-se-incheie-publicatia-se-inchide\/","title":{"rendered":"Europa Liber\u0103 Rom\u00e2nia: O er\u0103 se \u00eencheie, publica\u021bia se \u00eenchide!"},"content":{"rendered":"<p>Publica\u021bia Europa Liber\u0103 Rom\u00e2nia \u00ee\u0219i va \u00eencheia activitatea, dup\u0103 o prezen\u021b\u0103 de opt ani pe pia\u021ba presei de calitate din \u021bar\u0103. Aceea\u0219i soart\u0103 se preconizeaz\u0103 \u0219i pentru filial\u0103 din Bulgaria.<\/p>\n<p>Conform comunicatelor oficiale ale publica\u021biei, ultimele articole vor fi publicate pe data de 31 martie 2026. Aceast\u0103 decizie nu este rezultatul unor probleme interne, ci provine din factori externi care afecteaz\u0103 func\u021bionarea organiza\u021biei.<\/p>\n<p>\u00cen martie 2025, ambele institu\u021bii media, Vocea Americii \u0219i Radio Europa Liber\u0103, au fost grav afectate de decizia administra\u021biei Trump de a suspenda finan\u021barea, ceea ce a dus la concedieri temporare, \u00eenchideri de birouri \u0219i disponibiliz\u0103ri de personal.<\/p>\n<p>Problemele financiare cu care se confrunta Europa Liber\u0103 nu sunt noi; a\u0219a cum a relatat Mediafax, aceste dificult\u0103\u021bi au fost evidente de mult timp, eviden\u021biind o tendin\u021b\u0103 alarmant\u0103 \u00een peisajul media.<\/p>\n<p>Europa Liber\u0103 a fost un veritabil bastion al jurnalismului de calitate, dedicat respect\u0103rii adev\u0103rului \u0219i inform\u0103rii corecte. Aceast\u0103 publica\u021bie a reu\u0219it s\u0103-\u0219i men\u021bin\u0103 relevan\u021ba \u00een peisajul jurnalistic rom\u00e2nesc, av\u00e2nd un impact semnificativ \u00een perioada sa de activitate.<\/p>\n<p>Conform unui raport de la mediaTRUST, articolele, investiga\u021biile \u0219i interviurile realizate de Europa Liber\u0103 Rom\u00e2nia au fost citate de nu mai pu\u021bin de 6.060 de ori \u00eentre ianuarie 2024 \u0219i martie 2026, ceea ce demonstreaz\u0103 importan\u021ba \u0219i influen\u021ba publica\u021biei p\u00e2n\u0103 \u00een ultimele sale zile de activitate.<\/p>\n<p><strong>V\u00e2rfuri de impact \u00een 2024 \u0219i 2025<\/strong><\/p>\n<p>\u00cen 2024, Europa Liber\u0103 a \u00eenregistrat 2.763 de cit\u0103ri, clas\u00e2ndu-se pe locul patru printre cele mai preluate surse online. Un moment de v\u00e2rf a fost \u00een februarie, c\u00e2nd un interviu cu generalul Gheorghi\u021b\u0103 Vlad, \u0219eful Statului Major, a generat peste 400 de prelu\u0103ri, dup\u0103 ce acesta a avertizat c\u0103 Rusia nu se va opri la grani\u021bele Ucrainei.<\/p>\n<p>\u00cen 2025, publica\u021bia a avansat pe locul al treilea \u00een topul surselor online, acumul\u00e2nd 2.990 de cit\u0103ri, majoritatea provenind din investiga\u021bii de impact care au atras aten\u021bia cititorilor.<\/p>\n<p><strong>Investiga\u021biile care au generat cele mai multe reac\u021bii<\/strong><\/p>\n<p>Printre subiectele cele mai intens mediatizate se num\u0103r\u0103 cazul ministrului Ciprian \u0218erban, suspectat de mit\u0103 \u00eenainte de a deveni politician, dar \u0219i dezv\u0103luiri care indicau c\u0103 lideri politici de rang \u00eenalt au fost avertiza\u021bi cu privire la riscul ca \u021bara s\u0103 intre \u00een incapacitate de plat\u0103. Alte informa\u021bii sugereaz\u0103 c\u0103 guvernul ar fi utilizat fonduri de rezerv\u0103, \u00een ciuda unei lipse acute de resurse financiare.<\/p>\n<p>Interviurile cu oficiali de v\u00e2rf, cum ar fi declara\u021biile premierului Ilie Bolojan despre posibila \u00eenchidere a unor companii de stat neperformante, au continuat s\u0103 st\u00e2rneasc\u0103 un interes considerabil.<\/p>\n<p><strong>Relevan\u021b\u0103 men\u021binut\u0103 p\u00e2n\u0103 la final<\/strong><\/p>\n<p>Chiar \u0219i \u00een primele luni ale anului 2026, Europa Liber\u0103 s-a men\u021binut ca o surs\u0103 frecvent citat\u0103, cu 307 men\u021biuni \u00een pres\u0103, un num\u0103r comparabil cu acela din aceea\u0219i perioad\u0103 a anului precedent.<\/p>\n<p>Raportul mediaTRUST subliniaz\u0103 c\u0103 nivelul ridicat de citare relev\u0103 faptul c\u0103 \u00eenchiderea publica\u021biei nu a fost cauzat\u0103 de o pierdere a relevan\u021bei editoriale, ci de factori externi care au dus la \u00eencetarea activit\u0103\u021bii acesteia. \u201eDispari\u021bia nu este rezultatul unei sc\u0103deri de impact, ci al unor decizii externe care pun cap\u0103t activit\u0103\u021bii unei surse de referin\u021b\u0103\u201d, conchide raportul.<\/p>\n","protected":false},"excerpt":{"rendered":"<p>Publica\u021bia Europa Liber\u0103 Rom\u00e2nia \u00ee\u0219i va \u00eencheia activitatea, dup\u0103 o prezen\u021b\u0103 de opt ani pe pia\u021ba presei de calitate din \u021bar\u0103. Aceea\u0219i soart\u0103 se preconizeaz\u0103 \u0219i pentru filial\u0103 din Bulgaria. Conform comunicatelor oficiale ale publica\u021biei, ultimele articole vor fi publicate pe data de 31 martie 2026. Aceast\u0103 decizie nu este rezultatul unor probleme interne, ci [&hellip;]<\/p>\n","protected":false},"author":7,"featured_media":11049,"comment_status":"open","ping_status":"open","sticky":false,"template":"","format":"standard","meta":{"jnews-multi-image_gallery":[],"jnews_single_post":[],"jnews_primary_category":[],"jnews_override_counter":[],"footnotes":""},"categories":[43],"tags":[1922,13965,367,4971,13966,960,4049,13967],"class_list":["post-11048","post","type-post","status-publish","format-standard","has-post-thumbnail","hentry","category-cultura","tag-bulgaria","tag-europa-libera","tag-finantare","tag-inchideri","tag-jurnalism","tag-presa","tag-probleme-financiare","tag-vocea-americii"],"_links":{"self":[{"href":"https:\/\/www.newsrecorder.ro\/app\/wp-json\/wp\/v2\/posts\/11048","targetHints":{"allow":["GET"]}}],"collection":[{"href":"https:\/\/www.newsrecorder.ro\/app\/wp-json\/wp\/v2\/posts"}],"about":[{"href":"https:\/\/www.newsrecorder.ro\/app\/wp-json\/wp\/v2\/types\/post"}],"author":[{"embeddable":true,"href":"https:\/\/www.newsrecorder.ro\/app\/wp-json\/wp\/v2\/users\/7"}],"replies":[{"embeddable":true,"href":"https:\/\/www.newsrecorder.ro\/app\/wp-json\/wp\/v2\/comments?post=11048"}],"version-history":[{"count":0,"href":"https:\/\/www.newsrecorder.ro\/app\/wp-json\/wp\/v2\/posts\/11048\/revisions"}],"wp:featuredmedia":[{"embeddable":true,"href":"https:\/\/www.newsrecorder.ro\/app\/wp-json\/wp\/v2\/media\/11049"}],"wp:attachment":[{"href":"https:\/\/www.newsrecorder.ro\/app\/wp-json\/wp\/v2\/media?parent=11048"}],"wp:term":[{"taxonomy":"category","embeddable":true,"href":"https:\/\/www.newsrecorder.ro\/app\/wp-json\/wp\/v2\/categories?post=11048"},{"taxonomy":"post_tag","embeddable":true,"href":"https:\/\/www.newsrecorder.ro\/app\/wp-json\/wp\/v2\/tags?post=11048"}],"curies":[{"name":"wp","href":"https:\/\/api.w.org\/{rel}","templated":true}]}}