{"id":1105,"date":"2026-01-31T20:12:06","date_gmt":"2026-01-31T20:12:06","guid":{"rendered":"https:\/\/www.newsrecorder.ro\/app\/2026\/01\/31\/premierul-clarifica-bugetul-apararii-2026-nu-va-ajunge-la-5\/"},"modified":"2026-01-31T20:12:06","modified_gmt":"2026-01-31T20:12:06","slug":"premierul-clarifica-bugetul-apararii-2026-nu-va-ajunge-la-5","status":"publish","type":"post","link":"https:\/\/www.newsrecorder.ro\/app\/2026\/01\/31\/premierul-clarifica-bugetul-apararii-2026-nu-va-ajunge-la-5\/","title":{"rendered":"Premierul clarific\u0103: Bugetul Ap\u0103r\u0103rii 2026 nu va ajunge la 5%!"},"content":{"rendered":"<p>\u201eNu putem s\u0103 ne aventur\u0103m la un procent de 5%. Nu dispunem de resurse fiscale pentru a realiza acest lucru. Este esen\u021bial s\u0103 discut\u0103m deschis, dar ne vom respecta angajamentele de a cre\u0219te anual, cu c\u00e2teva procente, nu foarte mari, fondul alocat ap\u0103r\u0103rii\u201d, a declarat Ilie Bolojan \u00eentr-un interviu acordat <a style=\"color: #0000ff\" href=\"https:\/\/www.g4media.ro\/interviu-exclusiv-premierul-ilie-bolojan-iau-in-calcul-un-vot-de-incredere-in-pnl-se-va-transa-in-perioada-urmatoare-eu-nu-voi-sustine-o-formula-de-guverne-minoritare.html\" target=\"_blank\" rel=\"noopener\">G4Media<\/a>.<\/p>\n<p>Premierul a fost \u00eentrebat despre cre\u0219terea bugetului destinat Ap\u0103r\u0103rii pentru acest an.<\/p>\n<p>\u201e\u00cen prezent, se lucreaz\u0103 la proiec\u021bia de buget. Ne-am stabilit o \u021bint\u0103 de deficit de 6,2%. De asemenea, ne propunem s\u0103 reducem infla\u021bia la un nivel de 4-4,5%, iar bugetul Ministerului Ap\u0103r\u0103rii va fi u\u0219or mai mare comparativ cu cel de anul trecut. Estim\u0103rile sugereaz\u0103 o cre\u0219tere de aproximativ 2,3-2,4%. Prefer s\u0103 nu avansez cifre exacte, deoarece discu\u021biile cu Ministerul sunt \u00een curs de desf\u0103\u0219urare. \u00cen mod cert, nu cred c\u0103 suntem capabili s\u0103 ajungem la un procent de 3%\u201d, a explicat premierul.<\/p>\n<p>Bolojan a subliniat c\u0103 planul asumat de Rom\u00e2nia \u00een fa\u021ba Alian\u021bei Nord-Atlantice, referitor la dotarea Armatei Rom\u00e2ne, a fost integrat \u00een programul SAFE.<\/p>\n<p>\u201e\u00cen plus, discu\u021biile purtate p\u00e2n\u0103 \u00een prezent, \u00een afar\u0103 de faptul c\u0103 aceast\u0103 dotare este absolut necesar\u0103 pentru a asigura securitatea grani\u021belor noastre, \u00een colaborare cu alia\u021bii din NATO \u0219i responsabilit\u0103\u021bile asumate, vor include nu doar achizi\u021bii de armament, ci \u0219i transferuri de investi\u021bii tehnologice \u00een Rom\u00e2nia. Scopul este ca industria noastr\u0103 de ap\u0103rare s\u0103 fie capabil\u0103 s\u0103 se integreze \u00een lan\u021burile valorice ale industriei europene de ap\u0103rare\u201d, a ad\u0103ugat Ilie Bolojan.<\/p>\n","protected":false},"excerpt":{"rendered":"<p>\u201eNu putem s\u0103 ne aventur\u0103m la un procent de 5%. Nu dispunem de resurse fiscale pentru a realiza acest lucru. Este esen\u021bial s\u0103 discut\u0103m deschis, dar ne vom respecta angajamentele de a cre\u0219te anual, cu c\u00e2teva procente, nu foarte mari, fondul alocat ap\u0103r\u0103rii\u201d, a declarat Ilie Bolojan \u00eentr-un interviu acordat G4Media. Premierul a fost \u00eentrebat [&hellip;]<\/p>\n","protected":false},"author":2,"featured_media":1106,"comment_status":"open","ping_status":"open","sticky":false,"template":"","format":"standard","meta":{"jnews-multi-image_gallery":[],"jnews_single_post":[],"jnews_primary_category":[],"jnews_override_counter":[],"footnotes":""},"categories":[42],"tags":[409,1068,387,160,1687,302,778,472],"class_list":["post-1105","post","type-post","status-publish","format-standard","has-post-thumbnail","hentry","category-politica","tag-aparare","tag-buget","tag-crestere","tag-deficit","tag-g4media","tag-ilie-bolojan","tag-inflatie","tag-ministerul-apararii"],"_links":{"self":[{"href":"https:\/\/www.newsrecorder.ro\/app\/wp-json\/wp\/v2\/posts\/1105","targetHints":{"allow":["GET"]}}],"collection":[{"href":"https:\/\/www.newsrecorder.ro\/app\/wp-json\/wp\/v2\/posts"}],"about":[{"href":"https:\/\/www.newsrecorder.ro\/app\/wp-json\/wp\/v2\/types\/post"}],"author":[{"embeddable":true,"href":"https:\/\/www.newsrecorder.ro\/app\/wp-json\/wp\/v2\/users\/2"}],"replies":[{"embeddable":true,"href":"https:\/\/www.newsrecorder.ro\/app\/wp-json\/wp\/v2\/comments?post=1105"}],"version-history":[{"count":0,"href":"https:\/\/www.newsrecorder.ro\/app\/wp-json\/wp\/v2\/posts\/1105\/revisions"}],"wp:featuredmedia":[{"embeddable":true,"href":"https:\/\/www.newsrecorder.ro\/app\/wp-json\/wp\/v2\/media\/1106"}],"wp:attachment":[{"href":"https:\/\/www.newsrecorder.ro\/app\/wp-json\/wp\/v2\/media?parent=1105"}],"wp:term":[{"taxonomy":"category","embeddable":true,"href":"https:\/\/www.newsrecorder.ro\/app\/wp-json\/wp\/v2\/categories?post=1105"},{"taxonomy":"post_tag","embeddable":true,"href":"https:\/\/www.newsrecorder.ro\/app\/wp-json\/wp\/v2\/tags?post=1105"}],"curies":[{"name":"wp","href":"https:\/\/api.w.org\/{rel}","templated":true}]}}