{"id":11052,"date":"2026-03-30T17:17:52","date_gmt":"2026-03-30T17:17:52","guid":{"rendered":"https:\/\/www.newsrecorder.ro\/app\/2026\/03\/30\/guvernul-pregateste-modificari-varsta-de-pensionare-in-atentia-saptamanii-viitoare\/"},"modified":"2026-03-30T17:17:52","modified_gmt":"2026-03-30T17:17:52","slug":"guvernul-pregateste-modificari-varsta-de-pensionare-in-atentia-saptamanii-viitoare","status":"publish","type":"post","link":"https:\/\/www.newsrecorder.ro\/app\/2026\/03\/30\/guvernul-pregateste-modificari-varsta-de-pensionare-in-atentia-saptamanii-viitoare\/","title":{"rendered":"Guvernul preg\u0103te\u0219te modific\u0103ri: V\u00e2rsta de pensionare, \u00een aten\u021bia s\u0103pt\u0103m\u00e2nii viitoare!"},"content":{"rendered":"<p>Premierul a anun\u021bat luni c\u0103 s-au purtat discu\u021bii importante referitoare la modificarea v\u00e2rstei de pensionare \u00een cadrul sistemelor de ordine public\u0103 \u0219i siguran\u021b\u0103 na\u021bional\u0103. Potrivit declara\u021biilor sale, coali\u021bia de guvernare este de acord s\u0103 lucreze la un proiect de lege \u00een acest sens.<\/p>\n<p>\u201eEste esen\u021bial s\u0103 cre\u0219tem v\u00e2rsta de pensionare, av\u00e2nd \u00een vedere c\u0103 \u00een prezent, mul\u021bi angaja\u021bi din aceste domenii se pensioneaz\u0103 la 47, 50, 52 sau chiar 53 de ani. Trebuie s\u0103 reducem num\u0103rul situa\u021biilor \u00een care oamenii pot ie\u0219i la pensie prematur, mai ales c\u0103 nu exist\u0103 suficiente resurse umane pentru a-i \u00eenlocui pe cei care se pensioneaz\u0103\u201d, a afirmat premierul \u00een cadrul unei emisiuni la Digi24.<\/p>\n<p>El a subliniat c\u0103 este inacceptabil s\u0103 existe sisteme de pensionare accelerate \u00een condi\u021biile \u00een care persoanele sunt \u00eenc\u0103 apte din punct de vedere fizic pentru a-\u0219i desf\u0103\u0219ura activitatea. \u201e\u00cen anumite situa\u021bii speciale, unde condi\u021bia fizic\u0103 este esen\u021bial\u0103, vor exista totu\u0219i derog\u0103ri\u201d, a ad\u0103ugat premierul.<\/p>\n<p>\u201e\u00cens\u0103, nu este normal ca aceste derog\u0103ri s\u0103 fie aplicate pe o scar\u0103 larg\u0103. S\u0103pt\u0103m\u00e2na viitoare, vom prezenta un proiect de lege care va aborda aceast\u0103 problem\u0103. Este un angajament pe care ni l-am asumat \u00een cadrul pachetului de reforme administrative, iar respectarea termenelor stabilite este crucial\u0103. Cre\u0219terea v\u00e2rstei de pensionare \u00een aceste sectoare este o necesitate urgent\u0103 din toate perspectivele\u201d, a completat Ilie Bolojan.<\/p>\n<p>Premierul a promis c\u0103 proiectul va fi prezentat s\u0103pt\u0103m\u00e2na viitoare, urm\u00e2nd s\u0103 fie supus unui proces de transparen\u021b\u0103.<\/p>\n","protected":false},"excerpt":{"rendered":"<p>Premierul a anun\u021bat luni c\u0103 s-au purtat discu\u021bii importante referitoare la modificarea v\u00e2rstei de pensionare \u00een cadrul sistemelor de ordine public\u0103 \u0219i siguran\u021b\u0103 na\u021bional\u0103. Potrivit declara\u021biilor sale, coali\u021bia de guvernare este de acord s\u0103 lucreze la un proiect de lege \u00een acest sens. \u201eEste esen\u021bial s\u0103 cre\u0219tem v\u00e2rsta de pensionare, av\u00e2nd \u00een vedere c\u0103 \u00een [&hellip;]<\/p>\n","protected":false},"author":2,"featured_media":11053,"comment_status":"open","ping_status":"open","sticky":false,"template":"","format":"standard","meta":{"jnews-multi-image_gallery":[],"jnews_single_post":[],"jnews_primary_category":[],"jnews_override_counter":[],"footnotes":""},"categories":[42],"tags":[13969,526,13968,985,5882,1873,6192,6566],"class_list":["post-11052","post","type-post","status-publish","format-standard","has-post-thumbnail","hentry","category-politica","tag-discutii-importante","tag-guvernare","tag-modificare-lege","tag-ordine-publica","tag-pensie","tag-resurse-umane","tag-siguranta-nationala","tag-varsta-pensionare"],"_links":{"self":[{"href":"https:\/\/www.newsrecorder.ro\/app\/wp-json\/wp\/v2\/posts\/11052","targetHints":{"allow":["GET"]}}],"collection":[{"href":"https:\/\/www.newsrecorder.ro\/app\/wp-json\/wp\/v2\/posts"}],"about":[{"href":"https:\/\/www.newsrecorder.ro\/app\/wp-json\/wp\/v2\/types\/post"}],"author":[{"embeddable":true,"href":"https:\/\/www.newsrecorder.ro\/app\/wp-json\/wp\/v2\/users\/2"}],"replies":[{"embeddable":true,"href":"https:\/\/www.newsrecorder.ro\/app\/wp-json\/wp\/v2\/comments?post=11052"}],"version-history":[{"count":0,"href":"https:\/\/www.newsrecorder.ro\/app\/wp-json\/wp\/v2\/posts\/11052\/revisions"}],"wp:featuredmedia":[{"embeddable":true,"href":"https:\/\/www.newsrecorder.ro\/app\/wp-json\/wp\/v2\/media\/11053"}],"wp:attachment":[{"href":"https:\/\/www.newsrecorder.ro\/app\/wp-json\/wp\/v2\/media?parent=11052"}],"wp:term":[{"taxonomy":"category","embeddable":true,"href":"https:\/\/www.newsrecorder.ro\/app\/wp-json\/wp\/v2\/categories?post=11052"},{"taxonomy":"post_tag","embeddable":true,"href":"https:\/\/www.newsrecorder.ro\/app\/wp-json\/wp\/v2\/tags?post=11052"}],"curies":[{"name":"wp","href":"https:\/\/api.w.org\/{rel}","templated":true}]}}