{"id":1111,"date":"2026-01-31T21:26:31","date_gmt":"2026-01-31T21:26:31","guid":{"rendered":"https:\/\/www.newsrecorder.ro\/app\/2026\/01\/31\/ilie-bolojan-sugereaza-un-nou-ministru-al-educatiei-inainte-de-buget\/"},"modified":"2026-01-31T21:26:31","modified_gmt":"2026-01-31T21:26:31","slug":"ilie-bolojan-sugereaza-un-nou-ministru-al-educatiei-inainte-de-buget","status":"publish","type":"post","link":"https:\/\/www.newsrecorder.ro\/app\/2026\/01\/31\/ilie-bolojan-sugereaza-un-nou-ministru-al-educatiei-inainte-de-buget\/","title":{"rendered":"Ilie Bolojan sugereaz\u0103: Un nou ministru al Educa\u021biei \u00eenainte de buget!"},"content":{"rendered":"<p>Premierul a subliniat necesitatea numirii unui nou ministru al educa\u021biei \u00eenainte de aprobarea bugetului, pentru a permite analiza detaliat\u0103 a aspectelor prioritare legate de construc\u021bia bugetului pentru educa\u021bie. Aceast\u0103 afirma\u021bie a fost f\u0103cut\u0103 de Bolojan \u00eentr-un interviu recent acordat publica\u021biei <a style=\"color: #0000ff\" href=\"https:\/\/www.youtube.com\/watch?v=QYqPvGRwCXc\">G4Media<\/a>.<\/p>\n<p>\u00cen contextul acestor discu\u021bii, \u0219eful Guvernului a men\u021bionat c\u0103 \u00een perioada urm\u0103toare se vor explora diverse op\u021biuni pentru conducerea Ministerului Educa\u021biei, urm\u00e2nd ca Partidul Na\u021bional Liberal s\u0103 \u00eenainteze o propunere concret\u0103. Bolojan a ad\u0103ugat c\u0103 exist\u0103 o serie de nume luate \u00een considerare \u0219i c\u0103, odat\u0103 ce aceste propuneri vor fi definitive, se va discuta \u00een cadrul conducerii PNL pentru a ajunge la o decizie final\u0103.<\/p>\n<p>Referitor la m\u0103surile de austeritate implementate \u00een anul 2025, premierul a respins ideea de a reveni asupra acestora, afirm\u00e2nd: \u201eDin punctul meu de vedere, nu cred c\u0103 se pune aceast\u0103 problem\u0103.\u201d El a explicat c\u0103 m\u0103surile adoptate s-au concentrat pe dou\u0103 direc\u021bii principale: norma activ\u0103 \u0219i bursele pentru studen\u021bi, subliniind c\u0103 Rom\u00e2nia are standarde comparabile cu cele din alte \u021b\u0103ri europene.<\/p>\n<p>\u201eDe exemplu, norma didactic\u0103 \u00een Germania este de 24 de ore, iar \u00een Rom\u00e2nia, norma didactic\u0103 extins\u0103 este de 20 de ore. Ar trebui s\u0103 discut\u0103m deschis despre posibilitatea revenirii la o norm\u0103 de 18 sau chiar 16 ore. O norm\u0103 didactic\u0103 de 20 de ore este, de fapt, media minim\u0103 european\u0103. Deci, nu este ceva de neimaginat,\u201d a declarat premierul.<\/p>\n<p>\u00cen ceea ce prive\u0219te situa\u021bia burselor, Bolojan a men\u021bionat o reducere de aproximativ 30% a bugetului destinat acestora, specific\u00e2nd c\u0103, \u00een 2021, bursele aveau o valoare de 180 de milioane, iar \u00een 2024 au ajuns la 4,7 miliarde. El a subliniat importan\u021ba ca bursele s\u0103 reflecte fie performan\u021ba academic\u0103, fie nevoile sociale, explic\u00e2nd c\u0103 acestea trebuie s\u0103 stimuleze at\u00e2t meritele, c\u00e2t \u0219i s\u0103 sprijine elevii din medii defavorizate pentru a r\u0103m\u00e2ne \u00een sistemul educa\u021bional.<\/p>\n<p>\u201eDac\u0103 dorim s\u0103 atingem un standard de via\u021b\u0103 european, trebuie s\u0103 ne asum\u0103m eforturi semnificative. Dac\u0103 vrem s\u0103 recuper\u0103m, trebuie s\u0103 fim con\u0219tien\u021bi c\u0103 acest lucru se poate realiza doar prin eforturi mai mari dec\u00e2t ale altora,\u201d a concluzionat premierul.<\/p>\n","protected":false},"excerpt":{"rendered":"<p>Premierul a subliniat necesitatea numirii unui nou ministru al educa\u021biei \u00eenainte de aprobarea bugetului, pentru a permite analiza detaliat\u0103 a aspectelor prioritare legate de construc\u021bia bugetului pentru educa\u021bie. Aceast\u0103 afirma\u021bie a fost f\u0103cut\u0103 de Bolojan \u00eentr-un interviu recent acordat publica\u021biei G4Media. \u00cen contextul acestor discu\u021bii, \u0219eful Guvernului a men\u021bionat c\u0103 \u00een perioada urm\u0103toare se vor [&hellip;]<\/p>\n","protected":false},"author":2,"featured_media":1112,"comment_status":"open","ping_status":"open","sticky":false,"template":"","format":"standard","meta":{"jnews-multi-image_gallery":[],"jnews_single_post":[],"jnews_primary_category":[],"jnews_override_counter":[],"footnotes":""},"categories":[42],"tags":[1298,1068,266,1687,1690,1993,1994,1333],"class_list":["post-1111","post","type-post","status-publish","format-standard","has-post-thumbnail","hentry","category-politica","tag-bolojan","tag-buget","tag-educatie","tag-g4media","tag-masuri-de-austeritate","tag-ministru","tag-optiuni","tag-partidul-national-liberal"],"_links":{"self":[{"href":"https:\/\/www.newsrecorder.ro\/app\/wp-json\/wp\/v2\/posts\/1111","targetHints":{"allow":["GET"]}}],"collection":[{"href":"https:\/\/www.newsrecorder.ro\/app\/wp-json\/wp\/v2\/posts"}],"about":[{"href":"https:\/\/www.newsrecorder.ro\/app\/wp-json\/wp\/v2\/types\/post"}],"author":[{"embeddable":true,"href":"https:\/\/www.newsrecorder.ro\/app\/wp-json\/wp\/v2\/users\/2"}],"replies":[{"embeddable":true,"href":"https:\/\/www.newsrecorder.ro\/app\/wp-json\/wp\/v2\/comments?post=1111"}],"version-history":[{"count":0,"href":"https:\/\/www.newsrecorder.ro\/app\/wp-json\/wp\/v2\/posts\/1111\/revisions"}],"wp:featuredmedia":[{"embeddable":true,"href":"https:\/\/www.newsrecorder.ro\/app\/wp-json\/wp\/v2\/media\/1112"}],"wp:attachment":[{"href":"https:\/\/www.newsrecorder.ro\/app\/wp-json\/wp\/v2\/media?parent=1111"}],"wp:term":[{"taxonomy":"category","embeddable":true,"href":"https:\/\/www.newsrecorder.ro\/app\/wp-json\/wp\/v2\/categories?post=1111"},{"taxonomy":"post_tag","embeddable":true,"href":"https:\/\/www.newsrecorder.ro\/app\/wp-json\/wp\/v2\/tags?post=1111"}],"curies":[{"name":"wp","href":"https:\/\/api.w.org\/{rel}","templated":true}]}}