{"id":1113,"date":"2026-01-31T21:26:55","date_gmt":"2026-01-31T21:26:55","guid":{"rendered":"https:\/\/www.newsrecorder.ro\/app\/2026\/01\/31\/bolojan-avertizeaza-risc-major-de-neabsorbtie-a-fondurilor-pnrr\/"},"modified":"2026-01-31T21:26:55","modified_gmt":"2026-01-31T21:26:55","slug":"bolojan-avertizeaza-risc-major-de-neabsorbtie-a-fondurilor-pnrr","status":"publish","type":"post","link":"https:\/\/www.newsrecorder.ro\/app\/2026\/01\/31\/bolojan-avertizeaza-risc-major-de-neabsorbtie-a-fondurilor-pnrr\/","title":{"rendered":"Bolojan avertizeaz\u0103: risc major de neabsorb\u021bie a fondurilor PNRR!"},"content":{"rendered":"<p>\u00centr-o recent\u0103 declara\u021bie, \u0219eful Guvernului a fost \u00eentrebat despre posibilitatea ca \u00eentreaga sum\u0103 disponibil\u0103 \u00een cadrul programului s\u0103 nu fie absorbit\u0103, av\u00e2nd \u00een vedere c\u0103 termenul limit\u0103 se apropie, iar multe proiecte sunt departe de a fi finalizate. Premierul Ilie Bolojan a recunoscut c\u0103 exist\u0103 un asemenea risc.<\/p>\n<p>\u201eExist\u0103 un risc de a nu absorbi toat\u0103 suma. Aici sunt dou\u0103 aspecte esen\u021biale. Dintre cele peste 10 miliarde de euro pe care le avem \u00een PNRR, o parte sunt granturi, iar o parte \u00eemprumuturi. Este crucial pentru noi s\u0103 nu pierdem niciun leu din granturi, deoarece acest lucru este vital. Ne confrunt\u0103m cu o situa\u021bie similar\u0103 cu jalonul referitor la pensiile pentru magistra\u021bi. \u00cen ceea ce prive\u0219te \u00eemprumuturile, este important s\u0103 le absorbim pe toate, av\u00e2nd \u00een vedere c\u0103 acestea vin cu dob\u00e2nzi mult mai reduse dec\u00e2t cele la care se \u00eemprumut\u0103 Rom\u00e2nia, \u0219i sunt lucr\u0103ri deja \u00eencepute\u201d, a declarat Bolojan pentru <a style=\"color: #0000ff\" href=\"https:\/\/www.g4media.ro\/interviu-exclusiv-premierul-ilie-bolojan-iau-in-calcul-un-vot-de-incredere-in-pnl-se-va-transa-in-perioada-urmatoare-eu-nu-voi-sustine-o-formula-de-guverne-minoritare.html\" target=\"_blank\" rel=\"noopener\">G4Media<\/a>.<\/p>\n<p>Potrivit premierului, se inten\u021bioneaz\u0103 o optimizare a proiectelor, astfel \u00eenc\u00e2t acelea care pot fi finalizate s\u0103 fie mutate pe grant \u00een prim\u0103vara acestui an, iar cele cu un risc mai mare de a nu se termina s\u0103 fie transferate pe \u00eemprumuturi.<\/p>\n<p>Bolojan a subliniat c\u0103 sunt implicate aproximativ 30.000 de proiecte, iar finalizarea acestora depinde de o multitudine de factori. \u201eAvem \u00een jur de 30.000 de proiecte. Exist\u0103 mii de beneficiari, iar prim\u0103riile au multe ini\u021biative. \u00cen acest caz, nu depinzi doar de un minister sau de o prim\u0103rie, ci \u0219i de constructori, de situa\u021bia din pia\u021b\u0103, de termenele de livrare, iar aceste aspecte genereaz\u0103 numeroase dependen\u021be\u201d, a explicat el.<\/p>\n<p>Premierul a accentuat importan\u021ba absorb\u021biei acestor fonduri, afirm\u00e2nd c\u0103 reprezint\u0103 singura modalitate prin care putem asigura un volum semnificativ de investi\u021bii \u00een acest an, necesar pentru a crea baza unei cre\u0219teri economice sus\u021binute \u00een anii urm\u0103tori. Aceasta va contribui la \u00eembun\u0103t\u0103\u021birea multor aspecte, de la construc\u021bia de spitale noi \u0219i reabilitarea \u0219colilor, p\u00e2n\u0103 la anveloparea blocurilor, instalarea de unit\u0103\u021bi fotovoltaice \u0219i dezvoltarea de noi autostr\u0103zi.<\/p>\n","protected":false},"excerpt":{"rendered":"<p>\u00centr-o recent\u0103 declara\u021bie, \u0219eful Guvernului a fost \u00eentrebat despre posibilitatea ca \u00eentreaga sum\u0103 disponibil\u0103 \u00een cadrul programului s\u0103 nu fie absorbit\u0103, av\u00e2nd \u00een vedere c\u0103 termenul limit\u0103 se apropie, iar multe proiecte sunt departe de a fi finalizate. Premierul Ilie Bolojan a recunoscut c\u0103 exist\u0103 un asemenea risc. \u201eExist\u0103 un risc de a nu absorbi [&hellip;]<\/p>\n","protected":false},"author":2,"featured_media":1114,"comment_status":"open","ping_status":"open","sticky":false,"template":"","format":"standard","meta":{"jnews-multi-image_gallery":[],"jnews_single_post":[],"jnews_primary_category":[],"jnews_override_counter":[],"footnotes":""},"categories":[42],"tags":[1996,494,301,1695,1299,187,1995,1997],"class_list":["post-1113","post","type-post","status-publish","format-standard","has-post-thumbnail","hentry","category-politica","tag-absorbtie","tag-granturi","tag-guvern","tag-imprumuturi","tag-pnr","tag-proiecte","tag-risc","tag-termene"],"_links":{"self":[{"href":"https:\/\/www.newsrecorder.ro\/app\/wp-json\/wp\/v2\/posts\/1113","targetHints":{"allow":["GET"]}}],"collection":[{"href":"https:\/\/www.newsrecorder.ro\/app\/wp-json\/wp\/v2\/posts"}],"about":[{"href":"https:\/\/www.newsrecorder.ro\/app\/wp-json\/wp\/v2\/types\/post"}],"author":[{"embeddable":true,"href":"https:\/\/www.newsrecorder.ro\/app\/wp-json\/wp\/v2\/users\/2"}],"replies":[{"embeddable":true,"href":"https:\/\/www.newsrecorder.ro\/app\/wp-json\/wp\/v2\/comments?post=1113"}],"version-history":[{"count":0,"href":"https:\/\/www.newsrecorder.ro\/app\/wp-json\/wp\/v2\/posts\/1113\/revisions"}],"wp:featuredmedia":[{"embeddable":true,"href":"https:\/\/www.newsrecorder.ro\/app\/wp-json\/wp\/v2\/media\/1114"}],"wp:attachment":[{"href":"https:\/\/www.newsrecorder.ro\/app\/wp-json\/wp\/v2\/media?parent=1113"}],"wp:term":[{"taxonomy":"category","embeddable":true,"href":"https:\/\/www.newsrecorder.ro\/app\/wp-json\/wp\/v2\/categories?post=1113"},{"taxonomy":"post_tag","embeddable":true,"href":"https:\/\/www.newsrecorder.ro\/app\/wp-json\/wp\/v2\/tags?post=1113"}],"curies":[{"name":"wp","href":"https:\/\/api.w.org\/{rel}","templated":true}]}}