{"id":11130,"date":"2026-03-31T00:15:27","date_gmt":"2026-03-31T00:15:27","guid":{"rendered":"https:\/\/www.newsrecorder.ro\/app\/2026\/03\/31\/europarlamentarii-ameninta-cu-taierea-fondurilor-pentru-bienala-de-la-venetia\/"},"modified":"2026-03-31T00:15:27","modified_gmt":"2026-03-31T00:15:27","slug":"europarlamentarii-ameninta-cu-taierea-fondurilor-pentru-bienala-de-la-venetia","status":"publish","type":"post","link":"https:\/\/www.newsrecorder.ro\/app\/2026\/03\/31\/europarlamentarii-ameninta-cu-taierea-fondurilor-pentru-bienala-de-la-venetia\/","title":{"rendered":"Europarlamentarii amenin\u021b\u0103 cu t\u0103ierea fondurilor pentru Bienala de la Vene\u021bia!"},"content":{"rendered":"<p style=\"text-align: left\">Un grup de cel pu\u021bin 34 de membri ai Parlamentului European a solicitat conducerii Uniunii Europene s\u0103 intervin\u0103 \u00een leg\u0103tur\u0103 cu decizia Bienalei de la Vene\u021bia de a permite participarea arti\u0219tilor ru\u0219i la edi\u021bia din 2026. \u00centr-o scrisoare adresat\u0103 joi Ursulei von der Leyen, pre\u0219edinta Comisiei Europene, Kaja Kallas, \u0219efa diploma\u021biei europene, \u0219i lui Constantinos Kombos, ministrul de Externe al Ciprului, care de\u021bine pre\u0219edin\u021bia rotativ\u0103 a Consiliului UE, europarlamentarii au cerut suspendarea finan\u021b\u0103rii europene pentru acest eveniment interna\u021bional de art\u0103.<\/p>\n<p style=\"text-align: left\">Conform informa\u021biilor furnizate de <a href=\"https:\/\/www.politico.eu\/article\/mep-eu-russia-venice-biennale\/\" target=\"_blank\" rel=\"noopener\">Politico<\/a>, ace\u0219tia au cerut \u201em\u0103suri restrictive\u201d \u00eempotriva persoanelor \u0219i organiza\u021biilor implicate \u00een organizarea pavilionului oficial al Rusiei la Bienala de la Vene\u021bia. Membrii PE au subliniat c\u0103 \u201eeste mult mai mult dec\u00e2t o controvers\u0103 cultural\u0103; este un test al angajamentului Uniunii Europene fa\u021b\u0103 de Ucraina, de valori \u0219i de statul de drept\u201d.<\/p>\n<p style=\"text-align: left\">Conflictul a fost reluat dup\u0103 ce Funda\u021bia Bienalei a confirmat revenirea Rusiei, o decizie ce contrazice practica anilor anteriori. Dup\u0103 \u00eenceperea r\u0103zboiului \u00een 2022, Rusia nu a mai participat la Bienal\u0103, iar multe institu\u021bii culturale europene au evitat colabor\u0103rile oficiale cu arti\u0219ti sau organiza\u021bii finan\u021bate de statul rus. De\u0219i nu a existat o interdic\u021bie oficial\u0103 din partea UE, presiunea politic\u0103 \u0219i pozi\u021biile publice ale guvernelor au condus, \u00een fapt, la excluderea Rusiei din evenimentele culturale majore. Astfel, revenirea anun\u021bat\u0103 pentru 2026 reprezint\u0103 prima participare a Rusiei de la \u00eenceputul conflictului \u0219i marcheaz\u0103 o schimbare semnificativ\u0103 de pozi\u021bie din partea organizatorilor.<\/p>\n<p style=\"text-align: left\">Aceast\u0103 decizie a st\u00e2rnit deja reac\u021bii negative din partea a peste 20 de guverne europene, iar Comisia European\u0103 a avertizat c\u0103 ar putea revizui finan\u021barea acordat\u0103 acestui eveniment. Europarlamentarii au mers mai departe, solicit\u00e2nd explicit oprirea fondurilor europene, estimate la aproximativ 2 milioane de euro pe o perioad\u0103 de trei ani. Ace\u0219tia argumenteaz\u0103 c\u0103 banii Uniunii Europene nu ar trebui s\u0103 sprijine \u201edirect sau indirect\u201d o platform\u0103 care ar putea \u00eembun\u0103t\u0103\u021bi imaginea interna\u021bional\u0103 a Rusiei. Fondurile UE acoper\u0103 costurile generale ale expozi\u021biei pe mai multe edi\u021bii, nu doar pe cea din 2026, astfel c\u0103 suspendarea acestora ar reprezenta o presiune concret\u0103 asupra organizatorilor.<\/p>\n<p style=\"text-align: left\">\u201eArgumentele politice, morale \u0219i juridice sunt clare. Ceea ce este necesar acum este ac\u021biunea\u201d, au declarat semnatarii scrisorii.<\/p>\n<p style=\"text-align: left\">\u00cen Italia, organizatorii Bienalei \u0219i-au ap\u0103rat decizia, afirm\u00e2nd c\u0103 arta trebuie s\u0103 r\u0103m\u00e2n\u0103 un spa\u021biu de dialog, independent de conflictele politice. Cu toate acestea, autorit\u0103\u021bile italiene s-au distan\u021bat de aceast\u0103 pozi\u021bie. Ministrul Culturii, Alessandro Giuli, i-a cerut Tamarei Gregoretti, reprezentanta guvernului \u00een conducerea Bienalei, s\u0103 demisioneze, acuz\u00e2nd-o c\u0103 nu a informat autorit\u0103\u021bile despre participarea Rusiei \u0219i c\u0103 a sus\u021binut aceast\u0103 decizie, \u00een ciuda sensibilit\u0103\u021bii interna\u021bionale a subiectului.<\/p>\n<p>Expozi\u021bia Interna\u021bional\u0103 de Art\u0103 este programat\u0103 s\u0103 aib\u0103 loc \u00eentre 9 mai \u0219i 22 noiembrie 2026.<\/p>\n<p style=\"text-align: left\">\u00cen centrul acestei dispute se afl\u0103 o \u00eentrebare fundamental\u0103: poate cultura s\u0103 r\u0103m\u00e2n\u0103 neutr\u0103 \u00een timp de r\u0103zboi? Organizatorii Bienalei sus\u021bin c\u0103 r\u0103spunsul este afirmativ, \u00een timp ce tot mai mul\u021bi lideri europeni consider\u0103 c\u0103 nu. Conflictul ar putea deveni un test crucial pentru modul \u00een care Uniunea European\u0103 \u00ee\u0219i utilizeaz\u0103 instrumentele financiare \u0219i politice pentru a sus\u021bine pozi\u021biile sale \u00een cadrul r\u0103zboiului din Ucraina, inclusiv \u00een afara domeniului economic sau militar.<\/p>\n","protected":false},"excerpt":{"rendered":"<p>Un grup de cel pu\u021bin 34 de membri ai Parlamentului European a solicitat conducerii Uniunii Europene s\u0103 intervin\u0103 \u00een leg\u0103tur\u0103 cu decizia Bienalei de la Vene\u021bia de a permite participarea arti\u0219tilor ru\u0219i la edi\u021bia din 2026. \u00centr-o scrisoare adresat\u0103 joi Ursulei von der Leyen, pre\u0219edinta Comisiei Europene, Kaja Kallas, \u0219efa diploma\u021biei europene, \u0219i lui Constantinos [&hellip;]<\/p>\n","protected":false},"author":7,"featured_media":11131,"comment_status":"open","ping_status":"open","sticky":false,"template":"","format":"standard","meta":{"jnews-multi-image_gallery":[],"jnews_single_post":[],"jnews_primary_category":[],"jnews_override_counter":[],"footnotes":""},"categories":[43],"tags":[2367,13684,14010,8487,634,681,682,321],"class_list":["post-11130","post","type-post","status-publish","format-standard","has-post-thumbnail","hentry","category-cultura","tag-arta","tag-bienala-de-la-venetia","tag-finantare-europea","tag-masuri-restrictive","tag-parlamentul-european","tag-rusia","tag-ucraina","tag-uniunea-europeana"],"_links":{"self":[{"href":"https:\/\/www.newsrecorder.ro\/app\/wp-json\/wp\/v2\/posts\/11130","targetHints":{"allow":["GET"]}}],"collection":[{"href":"https:\/\/www.newsrecorder.ro\/app\/wp-json\/wp\/v2\/posts"}],"about":[{"href":"https:\/\/www.newsrecorder.ro\/app\/wp-json\/wp\/v2\/types\/post"}],"author":[{"embeddable":true,"href":"https:\/\/www.newsrecorder.ro\/app\/wp-json\/wp\/v2\/users\/7"}],"replies":[{"embeddable":true,"href":"https:\/\/www.newsrecorder.ro\/app\/wp-json\/wp\/v2\/comments?post=11130"}],"version-history":[{"count":0,"href":"https:\/\/www.newsrecorder.ro\/app\/wp-json\/wp\/v2\/posts\/11130\/revisions"}],"wp:featuredmedia":[{"embeddable":true,"href":"https:\/\/www.newsrecorder.ro\/app\/wp-json\/wp\/v2\/media\/11131"}],"wp:attachment":[{"href":"https:\/\/www.newsrecorder.ro\/app\/wp-json\/wp\/v2\/media?parent=11130"}],"wp:term":[{"taxonomy":"category","embeddable":true,"href":"https:\/\/www.newsrecorder.ro\/app\/wp-json\/wp\/v2\/categories?post=11130"},{"taxonomy":"post_tag","embeddable":true,"href":"https:\/\/www.newsrecorder.ro\/app\/wp-json\/wp\/v2\/tags?post=11130"}],"curies":[{"name":"wp","href":"https:\/\/api.w.org\/{rel}","templated":true}]}}