{"id":11136,"date":"2026-03-31T00:42:41","date_gmt":"2026-03-31T00:42:41","guid":{"rendered":"https:\/\/www.newsrecorder.ro\/app\/2026\/03\/31\/bolojan-romgaz-finalizarea-urgenta-a-grupului-iernut-este-esentiala\/"},"modified":"2026-03-31T00:42:41","modified_gmt":"2026-03-31T00:42:41","slug":"bolojan-romgaz-finalizarea-urgenta-a-grupului-iernut-este-esentiala","status":"publish","type":"post","link":"https:\/\/www.newsrecorder.ro\/app\/2026\/03\/31\/bolojan-romgaz-finalizarea-urgenta-a-grupului-iernut-este-esentiala\/","title":{"rendered":"Bolojan: Romgaz, finalizarea urgent\u0103 a grupului Iernut este esen\u021bial\u0103!"},"content":{"rendered":"<p>Premierul Rom\u00e2niei a discutat luni seara, \u00een cadrul unei emisiuni la Digi24, despre situa\u021bia pre\u021burilor la gaze naturale. Acesta a subliniat c\u0103 Guvernul a implementat o m\u0103sur\u0103 de plafonare administrativ\u0103 a pre\u021bului, asigur\u00e2nd astfel protec\u021bia consumatorilor casnici de fluctua\u021biile actuale din pie\u021bele interna\u021bionale. \u201eDin acest punct de vedere, consumatorii din Rom\u00e2nia sunt feri\u021bi de turbulen\u021bele pe care le avem ast\u0103zi \u00een toate pie\u021bele interna\u021bionale. Avem o resurs\u0103 valoroas\u0103 din subsolul \u021b\u0103rii noastre, iar este de bun sim\u021b s\u0103 o valorific\u0103m\u201d, a declarat premierul.<\/p>\n<p>\u00cen continuare, Bolojan a eviden\u021biat importan\u021ba unui proiect strategic \u00een derulare \u2013 Neptun Deep, care este esen\u021bial pentru dezvoltarea sectorului energetic din Rom\u00e2nia.<\/p>\n<p>Premierul a subliniat, de asemenea, necesitatea ca Romgaz s\u0103 finalizeze c\u00e2t mai cur\u00e2nd grupul energetic de la Iernut, men\u021bion\u00e2nd c\u0103 \u00eent\u00e2rzierile nu mai sunt acceptabile. \u201eUna dintre problemele cu care ne confrunt\u0103m este deficitul de energie electric\u0103 \u00een ceea ce prive\u0219te produc\u021bia, at\u00e2t \u00een band\u0103, cum este centrala pe gaz de la Iernut sau de la Mintia, c\u00e2t \u0219i \u00een ceea ce prive\u0219te stocarea principal\u0103. Finalizarea acestor investi\u021bii este o prioritate major\u0103, deoarece reprezint\u0103 singura modalitate prin care putem reduce pre\u021burile energiei, pe l\u00e2ng\u0103 alte m\u0103suri, \u0219i trebuie s\u0103 ac\u021bion\u0103m \u00een aceast\u0103 direc\u021bie \u00een perioada urm\u0103toare\u201d, a concluzionat \u0219eful Guvernului. <\/p>\n","protected":false},"excerpt":{"rendered":"<p>Premierul Rom\u00e2niei a discutat luni seara, \u00een cadrul unei emisiuni la Digi24, despre situa\u021bia pre\u021burilor la gaze naturale. Acesta a subliniat c\u0103 Guvernul a implementat o m\u0103sur\u0103 de plafonare administrativ\u0103 a pre\u021bului, asigur\u00e2nd astfel protec\u021bia consumatorilor casnici de fluctua\u021biile actuale din pie\u021bele interna\u021bionale. \u201eDin acest punct de vedere, consumatorii din Rom\u00e2nia sunt feri\u021bi de turbulen\u021bele [&hellip;]<\/p>\n","protected":false},"author":2,"featured_media":11137,"comment_status":"open","ping_status":"open","sticky":false,"template":"","format":"standard","meta":{"jnews-multi-image_gallery":[],"jnews_single_post":[],"jnews_primary_category":[],"jnews_override_counter":[],"footnotes":""},"categories":[42],"tags":[14014,14015,10385,2924,14013,11579,527,7181],"class_list":["post-11136","post","type-post","status-publish","format-standard","has-post-thumbnail","hentry","category-politica","tag-consumatori-romania","tag-iernut","tag-masuri-guvernamentale","tag-neptun-deep","tag-plafonare-pret","tag-preturi-gaze-naturale","tag-romgaz","tag-sector-energetic"],"_links":{"self":[{"href":"https:\/\/www.newsrecorder.ro\/app\/wp-json\/wp\/v2\/posts\/11136","targetHints":{"allow":["GET"]}}],"collection":[{"href":"https:\/\/www.newsrecorder.ro\/app\/wp-json\/wp\/v2\/posts"}],"about":[{"href":"https:\/\/www.newsrecorder.ro\/app\/wp-json\/wp\/v2\/types\/post"}],"author":[{"embeddable":true,"href":"https:\/\/www.newsrecorder.ro\/app\/wp-json\/wp\/v2\/users\/2"}],"replies":[{"embeddable":true,"href":"https:\/\/www.newsrecorder.ro\/app\/wp-json\/wp\/v2\/comments?post=11136"}],"version-history":[{"count":0,"href":"https:\/\/www.newsrecorder.ro\/app\/wp-json\/wp\/v2\/posts\/11136\/revisions"}],"wp:featuredmedia":[{"embeddable":true,"href":"https:\/\/www.newsrecorder.ro\/app\/wp-json\/wp\/v2\/media\/11137"}],"wp:attachment":[{"href":"https:\/\/www.newsrecorder.ro\/app\/wp-json\/wp\/v2\/media?parent=11136"}],"wp:term":[{"taxonomy":"category","embeddable":true,"href":"https:\/\/www.newsrecorder.ro\/app\/wp-json\/wp\/v2\/categories?post=11136"},{"taxonomy":"post_tag","embeddable":true,"href":"https:\/\/www.newsrecorder.ro\/app\/wp-json\/wp\/v2\/tags?post=11136"}],"curies":[{"name":"wp","href":"https:\/\/api.w.org\/{rel}","templated":true}]}}