{"id":11140,"date":"2026-03-31T00:43:24","date_gmt":"2026-03-31T00:43:24","guid":{"rendered":"https:\/\/www.newsrecorder.ro\/app\/2026\/03\/31\/state-europene-condamna-israelul-pentru-extinderea-pedepsei-cu-moartea\/"},"modified":"2026-03-31T00:43:24","modified_gmt":"2026-03-31T00:43:24","slug":"state-europene-condamna-israelul-pentru-extinderea-pedepsei-cu-moartea","status":"publish","type":"post","link":"https:\/\/www.newsrecorder.ro\/app\/2026\/03\/31\/state-europene-condamna-israelul-pentru-extinderea-pedepsei-cu-moartea\/","title":{"rendered":"State europene condamn\u0103 Israelul pentru extinderea pedepsei cu moartea!"},"content":{"rendered":"<p>Ministrul olandez de externe, Tom Berendsen, a f\u0103cut recent o declara\u021bie important\u0103, anun\u021b\u00e2nd c\u0103 Olanda se va al\u0103tura unui grup de \u021b\u0103ri europene\u2014Germania, Fran\u021ba, Italia \u0219i Marea Britanie\u2014\u00eentr-o pozi\u021bie comun\u0103 care exprim\u0103 preocup\u0103ri serioase \u00een leg\u0103tur\u0103 cu un proiect legislativ israelian ce prevede extinderea pedepsei cu moartea. Informa\u021biile au fost raportate de <a style=\"color: #0000ff\" href=\"https:\/\/www.politico.eu\/article\/eu-europe-slams-israel-over-death-penalty-freedom-religion\/\">Politico<\/a>.<\/p>\n<p>Conform declara\u021biei, adoptarea acestei legi ar putea submina angajamentele Israelului fa\u021b\u0103 de principiile democratice. Liderii europeni \u00eendeamn\u0103 autorit\u0103\u021bile israeliene s\u0103 renun\u021be la aceast\u0103 ini\u021biativ\u0103 \u00eenainte de votul care va avea loc \u00een parlamentul Israelului.<\/p>\n<p>\u00cen urma atacurilor Hamas din 7 octombrie 2023, partidele de dreapta \u0219i extrema dreapt\u0103 din Israel au accelerat eforturile pentru a extinde pedeapsa capital\u0103. Proiectul de lege propus ar impune instan\u021belor s\u0103 aplice pedeapsa cu moartea \u00een cazul omorurilor motivate politic \u00eempotriva israelienilor.<\/p>\n<p>Rela\u021biile dintre Uniunea European\u0103 \u0219i Israel au suferit o deteriorare treptat\u0103 \u00eencep\u00e2nd din 2023, pe fondul criticilor venite din partea europenilor cu privire la amploarea \u0219i impactul umanitar al ac\u021biunilor militare israeliene \u00een Gaza.<\/p>\n<p>\u201eSuntem extrem de \u00eengrijora\u021bi de caracterul discriminatoriu de facto al acestui proiect de lege. Pedeapsa cu moartea este o form\u0103 de pedeaps\u0103 inuman\u0103 \u0219i degradant\u0103, care nu are niciun efect descurajant. De aceea, ne opunem pedepsei cu moartea \u00een toate circumstan\u021bele, la nivel global\u201d, se men\u021bioneaz\u0103 \u00een declara\u021bia comun\u0103 a statelor europene.<\/p>\n<p>Pe de alt\u0103 parte, Israelul a respins criticile venite din partea Europei, argument\u00e2nd c\u0103 proiectul de lege este limitat \u0219i se aliniaz\u0103 principiilor acceptate la nivel interna\u021bional, inclusiv unor modele existente \u00een Statele Unite.<\/p>\n","protected":false},"excerpt":{"rendered":"<p>Ministrul olandez de externe, Tom Berendsen, a f\u0103cut recent o declara\u021bie important\u0103, anun\u021b\u00e2nd c\u0103 Olanda se va al\u0103tura unui grup de \u021b\u0103ri europene\u2014Germania, Fran\u021ba, Italia \u0219i Marea Britanie\u2014\u00eentr-o pozi\u021bie comun\u0103 care exprim\u0103 preocup\u0103ri serioase \u00een leg\u0103tur\u0103 cu un proiect legislativ israelian ce prevede extinderea pedepsei cu moartea. Informa\u021biile au fost raportate de Politico. Conform declara\u021biei, [&hellip;]<\/p>\n","protected":false},"author":2,"featured_media":11141,"comment_status":"open","ping_status":"open","sticky":false,"template":"","format":"standard","meta":{"jnews-multi-image_gallery":[],"jnews_single_post":[],"jnews_primary_category":[],"jnews_override_counter":[],"footnotes":""},"categories":[41],"tags":[288,5008,1716,268,532,1014,2639,321],"class_list":["post-11140","post","type-post","status-publish","format-standard","has-post-thumbnail","hentry","category-externe","tag-democratie","tag-drepturile-omului","tag-hamas","tag-israel","tag-legislatie","tag-olanda","tag-pedeapsa-cu-moartea","tag-uniunea-europeana"],"_links":{"self":[{"href":"https:\/\/www.newsrecorder.ro\/app\/wp-json\/wp\/v2\/posts\/11140","targetHints":{"allow":["GET"]}}],"collection":[{"href":"https:\/\/www.newsrecorder.ro\/app\/wp-json\/wp\/v2\/posts"}],"about":[{"href":"https:\/\/www.newsrecorder.ro\/app\/wp-json\/wp\/v2\/types\/post"}],"author":[{"embeddable":true,"href":"https:\/\/www.newsrecorder.ro\/app\/wp-json\/wp\/v2\/users\/2"}],"replies":[{"embeddable":true,"href":"https:\/\/www.newsrecorder.ro\/app\/wp-json\/wp\/v2\/comments?post=11140"}],"version-history":[{"count":0,"href":"https:\/\/www.newsrecorder.ro\/app\/wp-json\/wp\/v2\/posts\/11140\/revisions"}],"wp:featuredmedia":[{"embeddable":true,"href":"https:\/\/www.newsrecorder.ro\/app\/wp-json\/wp\/v2\/media\/11141"}],"wp:attachment":[{"href":"https:\/\/www.newsrecorder.ro\/app\/wp-json\/wp\/v2\/media?parent=11140"}],"wp:term":[{"taxonomy":"category","embeddable":true,"href":"https:\/\/www.newsrecorder.ro\/app\/wp-json\/wp\/v2\/categories?post=11140"},{"taxonomy":"post_tag","embeddable":true,"href":"https:\/\/www.newsrecorder.ro\/app\/wp-json\/wp\/v2\/tags?post=11140"}],"curies":[{"name":"wp","href":"https:\/\/api.w.org\/{rel}","templated":true}]}}