{"id":11148,"date":"2026-03-31T00:44:49","date_gmt":"2026-03-31T00:44:49","guid":{"rendered":"https:\/\/www.newsrecorder.ro\/app\/2026\/03\/31\/bugetul-pe-2026-a-fost-adoptat-iata-principalele-alocari-si-tinte\/"},"modified":"2026-03-31T00:44:49","modified_gmt":"2026-03-31T00:44:49","slug":"bugetul-pe-2026-a-fost-adoptat-iata-principalele-alocari-si-tinte","status":"publish","type":"post","link":"https:\/\/www.newsrecorder.ro\/app\/2026\/03\/31\/bugetul-pe-2026-a-fost-adoptat-iata-principalele-alocari-si-tinte\/","title":{"rendered":"Bugetul pe 2026 a fost adoptat! Iat\u0103 principalele aloc\u0103ri \u0219i \u021binte!"},"content":{"rendered":"<p>\u00centr-un peisaj economic global marcat de volatilitate \u0219i provoc\u0103ri, Ministerul Finan\u021belor Publice a anun\u021bat, luni, c\u0103 adoptarea noului buget subliniaz\u0103 angajamentul Rom\u00e2niei fa\u021b\u0103 de consolidarea fiscal\u0103 \u0219i stabilitatea economic\u0103. Acest act normativ, intrat \u00een vigoare, reflect\u0103 o abordare prudent\u0103 \u00een contextul incertitudinilor externe \u0219i presiunilor interne.<\/p>\n<p>Conform oficialilor MFP, <a href=\"https:\/\/www.mediafax.ro\/politic\/nicusor-dan-a-promulgat-legea-bugetului-de-stat-pe-2026-23711162\">bugetul aprobat pentru anul 2026<\/a> se bazeaz\u0103 pe venituri de 390.606,8 milioane lei \u0219i cheltuieli de 713.207,7 milioane lei (credite de angajament) \u0219i 526.291,3 milioane lei (credite bugetare), rezult\u00e2nd un deficit de 135.684,5 milioane lei. Aceast\u0103 structur\u0103 transmite un mesaj clar de responsabilitate c\u0103tre mediul de afaceri \u0219i partenerii interna\u021bionali.<\/p>\n<p>Rom\u00e2nia continu\u0103 s\u0103 fie perceput\u0103 ca un <a href=\"https:\/\/www.mediafax.ro\/stirile-zilei\/guvernul-pregateste-reducerea-accizei-doar-pentru-motorina-ilie-bolojan-explica-de-ce-benzina-nu-va-fi-plafonata-23712285\">stat predictibil<\/a>, av\u00e2nd ca obiectiv diverse direc\u021bii strategice esen\u021biale.<\/p>\n<h2>Accelerarea absorb\u021biei fondurilor europene \u0219i PNRR<\/h2>\n<p>Bugetul pentru 2026 include aloc\u0103ri semnificative destinate maximiz\u0103rii atragerii fondurilor externe:<\/p>\n<ul>\n<li>Investi\u021bii continuate \u0219i accelerate prin PNRR, cu flexibilitate \u00een gestionarea creditelor bugetare pentru proiectele strategice;<\/li>\n<li>Aloc\u0103ri pentru Cadrul Financiar 2021-2027 \u0219i Fondul pentru Modernizare, asigur\u00e2nd cofinan\u021b\u0103rile publice necesare pentru implementarea proiectelor cu finan\u021bare european\u0103, vitale pentru tranzi\u021bia verde a economiei rom\u00e2ne\u0219ti;<\/li>\n<li>Finan\u021barea mecanismelor SEE \u0219i Norvegian 2021-2028, inclusiv asisten\u021ba tehnic\u0103 \u0219i activit\u0103\u021bile desf\u0103\u0219urate prin Fondul Rom\u00e2n de Dezvoltare Social\u0103.<\/li>\n<\/ul>\n<h2>Continuitatea investi\u021biilor publice \u0219i a marilor proiecte de infrastructur\u0103<\/h2>\n<p>Bugetul aloc\u0103 resurse importante pentru dezvoltarea infrastructurii na\u021bionale:<\/p>\n<ul>\n<li>Credite pentru reabilitarea Autostr\u0103zii Sibiu-Pite\u0219ti \u0219i a Drumului de mare vitez\u0103 Bac\u0103u-Pa\u0219cani, precum \u0219i pentru studiile de fezabilitate pentru Drumurile Expres Suceava-Siret \u0219i T\u00e2rgu Neam\u021b-Ia\u0219i-Ungheni;<\/li>\n<li>Fonduri pentru \u00eentre\u021binerea infrastructurii feroviare \u0219i restructurarea companiei TAROM, conform reglement\u0103rilor europene;<\/li>\n<li>Continuarea Programului Na\u021bional de Dezvoltare Local\u0103 (PNDL) \u0219i a Programului Na\u021bional de Investi\u021bii \u201eAnghel Saligny\u201d;<\/li>\n<li>Finan\u021barea programului de consolidare a cl\u0103dirilor cu risc seismic \u0219i investi\u021biile \u00een educa\u021bie \u0219i s\u0103n\u0103tate.<\/li>\n<\/ul>\n<h2>Func\u021bionarea stabil\u0103 a autorit\u0103\u021bilor locale \u0219i a programelor publice<\/h2>\n<p>Pentru a evita blocajele la nivel local, bugetul aloc\u0103 28.828,4 milioane lei din taxa pe valoarea ad\u0103ugat\u0103 (TVA).<\/p>\n<p>Aceste fonduri asigur\u0103 func\u021bionarea serviciilor publice \u0219i autonomie local\u0103, fiind distribuite astfel:<\/p>\n<ul>\n<li>17.686,1 milioane lei pentru cheltuielile comunelor, ora\u0219elor, municipiilor \u0219i sectoarelor;<\/li>\n<li>4.446,6 milioane lei pentru jude\u021be;<\/li>\n<li>4.900,1 milioane lei pentru echilibrarea bugetelor locale.<\/li>\n<\/ul>\n<p>Aceste resurse sprijin\u0103 servicii sociale esen\u021biale, educa\u021bia, func\u021bionarea unit\u0103\u021bilor de \u00eenv\u0103\u021b\u0103m\u00e2nt special \u0219i alte servicii publice locale.<\/p>\n<h2>Repartizarea impozitului pe venit \u2013 echitate \u0219i solidaritate<\/h2>\n<p>\u00cen 2026, impozitul pe venit va fi distribuit astfel:<\/p>\n<ul>\n<li>63% c\u0103tre bugetele locale;<\/li>\n<li>15% c\u0103tre bugetele jude\u021belor;<\/li>\n<li>6% \u00eentr-un fond pentru dezvoltarea local\u0103;<\/li>\n<li>14% pentru echilibrarea bugetelor locale;<\/li>\n<li>2% pentru finan\u021barea institu\u021biilor publice de spectacole.<\/li>\n<\/ul>\n<p>Aceast\u0103 structur\u0103 asigur\u0103 at\u00e2t autonomie financiar\u0103 local\u0103, c\u00e2t \u0219i sprijin pentru regiunile cu venituri mai reduse.<\/p>\n<h2>Protejarea capitalului uman: Educa\u021bie, S\u0103n\u0103tate \u0219i Asisten\u021b\u0103 Social\u0103<\/h2>\n<p>Bugetul aloc\u0103 fonduri semnificative pentru programele esen\u021biale care sprijin\u0103 cet\u0103\u021benii:<\/p>\n<ul>\n<li>Educa\u021bie \u2013 1.531.090 mii lei pentru Programul Na\u021bional \u201eMas\u0103 s\u0103n\u0103toas\u0103\u201d \u0219i 100.000 mii lei pentru \u201eSport \u00een \u0218coal\u0103\u201d, inclusiv stimulente pentru elevii vulnerabili;<\/li>\n<li>Protec\u021bia persoanelor vulnerabile \u2013 plata drepturilor asisten\u021bilor personali, finan\u021barea c\u0103minelor de v\u00e2rstnici \u0219i a centrelor de zi, precum \u0219i indemniza\u021biile pentru \u00eengrijitorii informali;<\/li>\n<li>S\u0103n\u0103tate \u2013 acces garantat la tratamente inovative prin contracte cost-volum de p\u00e2n\u0103 la 8.750.000 mii lei.<\/li>\n<\/ul>\n<h2>Securitate \u0219i Ap\u0103rare Na\u021bional\u0103<\/h2>\n<p>Aloc\u0103rile din bugetul pe 2026 vor consolida capacitatea de ap\u0103rare a \u021b\u0103rii, prin mecanisme interna\u021bionale de finan\u021bare, precum SAFE \u0219i Foreign Military Financing. De asemenea, fonduri sunt dedicate cercet\u0103rii medico-militare la Institutul Na\u021bional de Cercetare-Dezvoltare Medico-Militar\u0103 \u201eCantacuzino\u201d.<\/p>\n<p>\u201eMinisterul Finan\u021belor va asigura o monitorizare riguroas\u0103 a execu\u021biei bugetare, pentru ca fiecare leu investit s\u0103 genereze plusvaloare, respect\u00e2nd direc\u021bia de consolidare fiscal\u0103. Disciplina bugetar\u0103 \u0219i predictibilitatea sunt esen\u021biale \u00een perioada urm\u0103toare\u201d, a subliniat ministerul \u00een comunicatul s\u0103u.<\/p>\n","protected":false},"excerpt":{"rendered":"<p>\u00centr-un peisaj economic global marcat de volatilitate \u0219i provoc\u0103ri, Ministerul Finan\u021belor Publice a anun\u021bat, luni, c\u0103 adoptarea noului buget subliniaz\u0103 angajamentul Rom\u00e2niei fa\u021b\u0103 de consolidarea fiscal\u0103 \u0219i stabilitatea economic\u0103. Acest act normativ, intrat \u00een vigoare, reflect\u0103 o abordare prudent\u0103 \u00een contextul incertitudinilor externe \u0219i presiunilor interne. Conform oficialilor MFP, bugetul aprobat pentru anul 2026 se [&hellip;]<\/p>\n","protected":false},"author":4,"featured_media":11149,"comment_status":"open","ping_status":"open","sticky":false,"template":"","format":"standard","meta":{"jnews-multi-image_gallery":[],"jnews_single_post":[],"jnews_primary_category":[],"jnews_override_counter":[],"footnotes":""},"categories":[40],"tags":[435,1068,6569,298,1766,944,319,5001],"class_list":["post-11148","post","type-post","status-publish","format-standard","has-post-thumbnail","hentry","category-econonie","tag-angajament","tag-buget","tag-consolidare-fiscala","tag-deficit-bugetar","tag-fonduri-europene","tag-pnrr","tag-responsabilitate","tag-stabilitate-economica"],"_links":{"self":[{"href":"https:\/\/www.newsrecorder.ro\/app\/wp-json\/wp\/v2\/posts\/11148","targetHints":{"allow":["GET"]}}],"collection":[{"href":"https:\/\/www.newsrecorder.ro\/app\/wp-json\/wp\/v2\/posts"}],"about":[{"href":"https:\/\/www.newsrecorder.ro\/app\/wp-json\/wp\/v2\/types\/post"}],"author":[{"embeddable":true,"href":"https:\/\/www.newsrecorder.ro\/app\/wp-json\/wp\/v2\/users\/4"}],"replies":[{"embeddable":true,"href":"https:\/\/www.newsrecorder.ro\/app\/wp-json\/wp\/v2\/comments?post=11148"}],"version-history":[{"count":0,"href":"https:\/\/www.newsrecorder.ro\/app\/wp-json\/wp\/v2\/posts\/11148\/revisions"}],"wp:featuredmedia":[{"embeddable":true,"href":"https:\/\/www.newsrecorder.ro\/app\/wp-json\/wp\/v2\/media\/11149"}],"wp:attachment":[{"href":"https:\/\/www.newsrecorder.ro\/app\/wp-json\/wp\/v2\/media?parent=11148"}],"wp:term":[{"taxonomy":"category","embeddable":true,"href":"https:\/\/www.newsrecorder.ro\/app\/wp-json\/wp\/v2\/categories?post=11148"},{"taxonomy":"post_tag","embeddable":true,"href":"https:\/\/www.newsrecorder.ro\/app\/wp-json\/wp\/v2\/tags?post=11148"}],"curies":[{"name":"wp","href":"https:\/\/api.w.org\/{rel}","templated":true}]}}