{"id":11158,"date":"2026-03-31T02:45:37","date_gmt":"2026-03-31T02:45:37","guid":{"rendered":"https:\/\/www.newsrecorder.ro\/app\/2026\/03\/31\/razboiul-din-orientul-mijlociu-ziua-32-tensiuni-crescute-si-atacuri-neasteptate\/"},"modified":"2026-03-31T02:45:37","modified_gmt":"2026-03-31T02:45:37","slug":"razboiul-din-orientul-mijlociu-ziua-32-tensiuni-crescute-si-atacuri-neasteptate","status":"publish","type":"post","link":"https:\/\/www.newsrecorder.ro\/app\/2026\/03\/31\/razboiul-din-orientul-mijlociu-ziua-32-tensiuni-crescute-si-atacuri-neasteptate\/","title":{"rendered":"R\u0103zboiul din Orientul Mijlociu, ziua 32: Tensiuni crescute \u0219i atacuri nea\u0219teptate"},"content":{"rendered":"<p>\u00cen noaptea de luni spre mar\u021bi, cet\u0103\u021benii din <strong><a style=\"color: #0000ff\" href=\"https:\/\/www.mediafax.ro\/externe\/atacuri-aeriene-in-emiratele-arabe-unite-locuitorii-au-primit-alerte-23712398\">Emiratele Arabe Unite<\/a><\/strong> au fost alerta\u021bi de c\u0103tre autorit\u0103\u021bi cu privire la atacuri aeriene iminente. Locuitorii au fost sf\u0103tui\u021bi s\u0103 se ad\u0103posteasc\u0103 \u00een locuri sigure \u0219i s\u0103 urm\u0103reasc\u0103 nout\u0103\u021bile transmise de oficiali.<\/p>\n<p>\u00centr-o declara\u021bie ulterioar\u0103, autorit\u0103\u021bile din emiratul Sharjah au confirmat c\u0103 drona care a lovit cl\u0103direa companiei de telecomunica\u021bii Thuraya era de fabrica\u021bie iranian\u0103. Din fericire, nu au fost raportate victime, iar echipele de interven\u021bie se aflau \u00een continuare la fa\u021ba locului pentru a evalua situa\u021bia.<\/p>\n<p>Pe de alt\u0103 parte, premierul Israelului, Benjamin Netanyahu, a declarat c\u0103 nu va stabili un termen pentru finalizarea r\u0103zboiului \u00eempotriva Iranului, subliniind c\u0103 conflictul a dep\u0103\u0219it \u201ejum\u0103tatea drumului\u201d. \u00centr-un interviu acordat Newsmax, Netanyahu a afirmat c\u0103 obiectivele r\u0103zboiului americano-israelian au fost \u00een mare parte atinse, \u00eens\u0103 a evitat s\u0103 ofere o dat\u0103 limit\u0103 pentru \u00eencheierea acestuia. El a ad\u0103ugat c\u0103 este convins c\u0103 Republica Islamic\u0103 Iran va suferi o pr\u0103bu\u0219ire din interior \u00een cele din urm\u0103, conform informa\u021biilor furnizate de AFP.<\/p>\n<p>\u00centr-o alt\u0103 declara\u021bie important\u0103, \u0219eicul Abdullah bin Zayed Al Nahyan, vicepremier \u0219i ministru al Afacerilor Externe al Emiratelor Arabe Unite, a condamnat ferm \u201ecomplotul terorist dejucat\u201d \u00een Regatul Bahrain, care a implicat o celul\u0103 asociat\u0103 cu gruparea terorist\u0103 Hezbollah. Oficialul a subliniat c\u0103 aceste activit\u0103\u021bi au reprezentat o amenin\u021bare la adresa securit\u0103\u021bii regatului, conform celor relatate de Gulf News.<\/p>\n<p>\u00cen contextul tensiunilor interna\u021bionale, mini\u0219trii de Finan\u021be din statele G7 au anun\u021bat c\u0103 sunt preg\u0103ti\u021bi s\u0103 adopte m\u0103suri pentru stabilizarea pie\u021bei energetice globale. Ace\u0219tia au avut o teleconferin\u021b\u0103, unde au discutat coordonarea unui r\u0103spuns comun la impactul volatilit\u0103\u021bii pie\u021belor energetice cauzate de r\u0103zboiul din Orientul Mijlociu, conform Reuters. Participan\u021bii la discu\u021bii au inclus mini\u0219tri ai Finan\u021belor \u0219i ai Energiei, precum \u0219i guvernatori ai b\u0103ncilor centrale din Statele Unite, Canada, Japonia, Marea Britanie, Fran\u021ba, Germania \u0219i Italia.<\/p>\n<p>De asemenea, purt\u0103torul de cuv\u00e2nt al Ministerului Afacerilor Externe al Iranului, <strong><a style=\"color: #0000ff\" href=\"https:\/\/www.mediafax.ro\/externe\/iranul-sustine-ca-nu-a-purtat-nicio-negociere-cu-sua-inca-de-la-inceperea-razboiului-23712392\" target=\"_blank\" rel=\"noopener\">Esmaeil Baghaei<\/a><\/strong>, a reiterat c\u0103 Iranul nu a purtat negocieri cu Statele Unite de la \u00eenceputul r\u0103zboiului. El a subliniat c\u0103 Teheranul nu va fi dispus s\u0103 negocieze p\u00e2n\u0103 c\u00e2nd SUA nu vor \u00eenceta atacurile. Baghaei a afirmat: \u201eNu am purtat nicio negociere cu America \u00een aceste 31 de zile. Ceea ce s-a \u00eent\u00e2mplat a fost trimiterea unei cereri de negociere \u00eenso\u021bit\u0103 de propuneri din partea Americii, transmise prin intermediari, inclusiv Pakistanul.\u201d<\/p>\n","protected":false},"excerpt":{"rendered":"<p>\u00cen noaptea de luni spre mar\u021bi, cet\u0103\u021benii din Emiratele Arabe Unite au fost alerta\u021bi de c\u0103tre autorit\u0103\u021bi cu privire la atacuri aeriene iminente. Locuitorii au fost sf\u0103tui\u021bi s\u0103 se ad\u0103posteasc\u0103 \u00een locuri sigure \u0219i s\u0103 urm\u0103reasc\u0103 nout\u0103\u021bile transmise de oficiali. \u00centr-o declara\u021bie ulterioar\u0103, autorit\u0103\u021bile din emiratul Sharjah au confirmat c\u0103 drona care a lovit cl\u0103direa [&hellip;]<\/p>\n","protected":false},"author":2,"featured_media":11159,"comment_status":"open","ping_status":"open","sticky":false,"template":"","format":"standard","meta":{"jnews-multi-image_gallery":[],"jnews_single_post":[],"jnews_primary_category":[],"jnews_override_counter":[],"footnotes":""},"categories":[39],"tags":[3608,4456,14041,5492,2437,915,14042,5952],"class_list":["post-11158","post","type-post","status-publish","format-standard","has-post-thumbnail","hentry","category-stirile-zilei","tag-atacuri-aeriene","tag-benjamin-netanyahu","tag-drona-iraniana","tag-emiratele-arabe-unite","tag-interventie","tag-razboi","tag-sharjah","tag-telecomunicatii"],"_links":{"self":[{"href":"https:\/\/www.newsrecorder.ro\/app\/wp-json\/wp\/v2\/posts\/11158","targetHints":{"allow":["GET"]}}],"collection":[{"href":"https:\/\/www.newsrecorder.ro\/app\/wp-json\/wp\/v2\/posts"}],"about":[{"href":"https:\/\/www.newsrecorder.ro\/app\/wp-json\/wp\/v2\/types\/post"}],"author":[{"embeddable":true,"href":"https:\/\/www.newsrecorder.ro\/app\/wp-json\/wp\/v2\/users\/2"}],"replies":[{"embeddable":true,"href":"https:\/\/www.newsrecorder.ro\/app\/wp-json\/wp\/v2\/comments?post=11158"}],"version-history":[{"count":0,"href":"https:\/\/www.newsrecorder.ro\/app\/wp-json\/wp\/v2\/posts\/11158\/revisions"}],"wp:featuredmedia":[{"embeddable":true,"href":"https:\/\/www.newsrecorder.ro\/app\/wp-json\/wp\/v2\/media\/11159"}],"wp:attachment":[{"href":"https:\/\/www.newsrecorder.ro\/app\/wp-json\/wp\/v2\/media?parent=11158"}],"wp:term":[{"taxonomy":"category","embeddable":true,"href":"https:\/\/www.newsrecorder.ro\/app\/wp-json\/wp\/v2\/categories?post=11158"},{"taxonomy":"post_tag","embeddable":true,"href":"https:\/\/www.newsrecorder.ro\/app\/wp-json\/wp\/v2\/tags?post=11158"}],"curies":[{"name":"wp","href":"https:\/\/api.w.org\/{rel}","templated":true}]}}