{"id":11162,"date":"2026-03-31T02:46:12","date_gmt":"2026-03-31T02:46:12","guid":{"rendered":"https:\/\/www.newsrecorder.ro\/app\/2026\/03\/31\/celine-dion-revine-pe-scena-10-concerte-de-neuitat-la-paris\/"},"modified":"2026-03-31T02:46:12","modified_gmt":"2026-03-31T02:46:12","slug":"celine-dion-revine-pe-scena-10-concerte-de-neuitat-la-paris","status":"publish","type":"post","link":"https:\/\/www.newsrecorder.ro\/app\/2026\/03\/31\/celine-dion-revine-pe-scena-10-concerte-de-neuitat-la-paris\/","title":{"rendered":"Celine Dion revine pe scen\u0103: 10 concerte de neuitat la Paris!"},"content":{"rendered":"<p>Fanii au primit cu entuziasm vestea mult a\u0219teptat\u0103, anun\u021bat\u0103 dup\u0103 o ampl\u0103 campanie de promovare desf\u0103\u0219urat\u0103 pe str\u0103zile Parisului, care a intensificat specula\u021biile despre revenirea celebrei artiste \u00een capitala Fran\u021bei, conform <a href=\"https:\/\/www.reuters.com\/business\/media-telecom\/celine-dion-announces-comeback-with-10-concerts-paris-this-fall-2026-03-30\/\" target=\"_blank\" rel=\"noopener\">Reuters<\/a>.<\/p>\n<p>Celine Dion a declarat \u00een cadrul unui interviu la postul France 2: \u201eAnul acesta voi primi cel mai frumos cadou din via\u021ba mea. Voi avea \u0219ansa s\u0103 vin s\u0103 v\u0103 v\u0103d \u0219i s\u0103 c\u00e2nt din nou pentru voi la Paris, din aceast\u0103 toamn\u0103, \u00eencep\u00e2nd din septembrie.\u201d<\/p>\n<p>Anun\u021bul a fost marcat de un spectaculos joc de lumini proiectat pe Turnul Eiffel, care a adus un plus de magie momentului. Fanii pot fi \u00eencrez\u0103tori, deoarece biletele pentru pre-sale vor fi disponibile \u00eencep\u00e2nd cu 7 aprilie, iar v\u00e2nzarea general\u0103 va \u00eencepe pe 10 aprilie.<\/p>\n<p>Celine Dion a cucerit lumea muzicii la sf\u00e2r\u0219itul anilor &#8217;90 cu celebra pies\u0103 \u201eMy Heart Will Go On\u201d, care a devenit coloana sonor\u0103 a blockbuster-ului \u201eTitanic\u201d.<\/p>\n<p>\u00cen anul 2022, artista a fost nevoit\u0103 s\u0103-\u0219i suspend\u0103 cariera din motive medicale, diagnosticat\u0103 cu sindromul persoanei rigide, o afec\u021biune neurologic\u0103 rar\u0103 ce provoac\u0103 spasme musculare severe \u0219i i-a afectat considerabil abilitatea de a c\u00e2nta. Dup\u0103 o pauz\u0103 de doi ani, Celine a revenit pe scen\u0103 la ceremonia de deschidere a Jocurilor Olimpice din 2024, unde a interpretat emo\u021bionant \u201eHymne \u00e0 l\u2019amour\u201d de Edith Piaf.<\/p>\n<p>Acel moment a reaprins speran\u021bele fanilor, iar acum, cu seria de concerte programate la Paris, visul unei revenirii pe marile scene devine realitate.<\/p>\n","protected":false},"excerpt":{"rendered":"<p>Fanii au primit cu entuziasm vestea mult a\u0219teptat\u0103, anun\u021bat\u0103 dup\u0103 o ampl\u0103 campanie de promovare desf\u0103\u0219urat\u0103 pe str\u0103zile Parisului, care a intensificat specula\u021biile despre revenirea celebrei artiste \u00een capitala Fran\u021bei, conform Reuters. Celine Dion a declarat \u00een cadrul unui interviu la postul France 2: \u201eAnul acesta voi primi cel mai frumos cadou din via\u021ba mea. [&hellip;]<\/p>\n","protected":false},"author":2,"featured_media":11163,"comment_status":"open","ping_status":"open","sticky":false,"template":"","format":"standard","meta":{"jnews-multi-image_gallery":[],"jnews_single_post":[],"jnews_primary_category":[],"jnews_override_counter":[],"footnotes":""},"categories":[39],"tags":[78,14048,14045,14046,14049,14050,14047,1251],"class_list":["post-11162","post","type-post","status-publish","format-standard","has-post-thumbnail","hentry","category-stirile-zilei","tag-bilete","tag-campanie-promovare","tag-celine-dion","tag-concert-paris","tag-joc-lumini","tag-my-heart-will-go-on","tag-revenire-artista","tag-turneu"],"_links":{"self":[{"href":"https:\/\/www.newsrecorder.ro\/app\/wp-json\/wp\/v2\/posts\/11162","targetHints":{"allow":["GET"]}}],"collection":[{"href":"https:\/\/www.newsrecorder.ro\/app\/wp-json\/wp\/v2\/posts"}],"about":[{"href":"https:\/\/www.newsrecorder.ro\/app\/wp-json\/wp\/v2\/types\/post"}],"author":[{"embeddable":true,"href":"https:\/\/www.newsrecorder.ro\/app\/wp-json\/wp\/v2\/users\/2"}],"replies":[{"embeddable":true,"href":"https:\/\/www.newsrecorder.ro\/app\/wp-json\/wp\/v2\/comments?post=11162"}],"version-history":[{"count":0,"href":"https:\/\/www.newsrecorder.ro\/app\/wp-json\/wp\/v2\/posts\/11162\/revisions"}],"wp:featuredmedia":[{"embeddable":true,"href":"https:\/\/www.newsrecorder.ro\/app\/wp-json\/wp\/v2\/media\/11163"}],"wp:attachment":[{"href":"https:\/\/www.newsrecorder.ro\/app\/wp-json\/wp\/v2\/media?parent=11162"}],"wp:term":[{"taxonomy":"category","embeddable":true,"href":"https:\/\/www.newsrecorder.ro\/app\/wp-json\/wp\/v2\/categories?post=11162"},{"taxonomy":"post_tag","embeddable":true,"href":"https:\/\/www.newsrecorder.ro\/app\/wp-json\/wp\/v2\/tags?post=11162"}],"curies":[{"name":"wp","href":"https:\/\/api.w.org\/{rel}","templated":true}]}}