{"id":11176,"date":"2026-03-31T10:11:47","date_gmt":"2026-03-31T10:11:47","guid":{"rendered":"https:\/\/www.newsrecorder.ro\/app\/2026\/03\/31\/soc-in-fotbal-o-echipa-africana-isi-demite-antrenorul-inainte-de-cm-2026\/"},"modified":"2026-03-31T10:11:47","modified_gmt":"2026-03-31T10:11:47","slug":"soc-in-fotbal-o-echipa-africana-isi-demite-antrenorul-inainte-de-cm-2026","status":"publish","type":"post","link":"https:\/\/www.newsrecorder.ro\/app\/2026\/03\/31\/soc-in-fotbal-o-echipa-africana-isi-demite-antrenorul-inainte-de-cm-2026\/","title":{"rendered":"\u0218oc \u00een fotbal: O echip\u0103 african\u0103 \u00ee\u0219i demite antrenorul \u00eenainte de CM 2026!"},"content":{"rendered":"<p>Decizia de schimbare a antrenorului vine la scurt timp dup\u0103 ce na\u021bionala Ghanei a suferit o \u00eenfr\u00e2ngere \u00een fa\u021ba Germaniei, cu un scor de 1-2, \u00een cadrul unui meci amical desf\u0103\u0219urat la Stuttgart. Aceast\u0103 partid\u0103 a marcat cel de-al patrulea e\u0219ec consecutiv al echipei africane, ceea ce a determinat conducerea federa\u021biei s\u0103 ia m\u0103suri.<\/p>\n<p>\u00centr-un comunicat oficial, Federa\u021bia Ghana de Fotbal a mul\u021bumit sincer lui Otto Addo pentru contribu\u021biile aduse echipei \u0219i i-a urat succes \u00een viitor. De asemenea, se men\u021bioneaz\u0103 c\u0103 o nou\u0103 conducere tehnic\u0103 va fi anun\u021bat\u0103 \u00een perioada urm\u0103toare.<\/p>\n<p>Otto Addo, \u00een v\u00e2rst\u0103 de 50 de ani, a preluat conducerea na\u021bionalei Ghanei \u00een martie 2024. \u00cen ciuda eforturilor sale, rezultatele recente nu au fost favorabile, iar echipa se afl\u0103 \u00een c\u0103utarea unui nou antrenor care s\u0103 o ghideze spre succes.<\/p>\n<p>Ghana se preg\u0103te\u0219te pentru participarea la turneul final al Cupei Mondiale, unde va concura \u00een Grupa L, av\u00e2nd adversari precum Panama, Anglia \u0219i Croa\u021bia. Aceast\u0103 competi\u021bie prestigioas\u0103 se va desf\u0103\u0219ura \u00eentre 11 iunie \u0219i 19 iulie 2026 \u0219i va fi g\u0103zduit\u0103 de Statele Unite, Canada \u0219i Mexic.<\/p>\n","protected":false},"excerpt":{"rendered":"<p>Decizia de schimbare a antrenorului vine la scurt timp dup\u0103 ce na\u021bionala Ghanei a suferit o \u00eenfr\u00e2ngere \u00een fa\u021ba Germaniei, cu un scor de 1-2, \u00een cadrul unui meci amical desf\u0103\u0219urat la Stuttgart. Aceast\u0103 partid\u0103 a marcat cel de-al patrulea e\u0219ec consecutiv al echipei africane, ceea ce a determinat conducerea federa\u021biei s\u0103 ia m\u0103suri. \u00centr-un [&hellip;]<\/p>\n","protected":false},"author":6,"featured_media":11177,"comment_status":"open","ping_status":"open","sticky":false,"template":"","format":"standard","meta":{"jnews-multi-image_gallery":[],"jnews_single_post":[],"jnews_primary_category":[],"jnews_override_counter":[],"footnotes":""},"categories":[46],"tags":[14068,2555,14066,14067,11853,14064,14065,14063],"class_list":["post-11176","post","type-post","status-publish","format-standard","has-post-thumbnail","hentry","category-sport","tag-conducere-tehnica","tag-cupa-mondiala","tag-esec-consecutiv","tag-federatia-ghana-de-fotbal","tag-meci-amical","tag-nationala-ghanei","tag-otto-addo","tag-schimbare-antrenor"],"_links":{"self":[{"href":"https:\/\/www.newsrecorder.ro\/app\/wp-json\/wp\/v2\/posts\/11176","targetHints":{"allow":["GET"]}}],"collection":[{"href":"https:\/\/www.newsrecorder.ro\/app\/wp-json\/wp\/v2\/posts"}],"about":[{"href":"https:\/\/www.newsrecorder.ro\/app\/wp-json\/wp\/v2\/types\/post"}],"author":[{"embeddable":true,"href":"https:\/\/www.newsrecorder.ro\/app\/wp-json\/wp\/v2\/users\/6"}],"replies":[{"embeddable":true,"href":"https:\/\/www.newsrecorder.ro\/app\/wp-json\/wp\/v2\/comments?post=11176"}],"version-history":[{"count":0,"href":"https:\/\/www.newsrecorder.ro\/app\/wp-json\/wp\/v2\/posts\/11176\/revisions"}],"wp:featuredmedia":[{"embeddable":true,"href":"https:\/\/www.newsrecorder.ro\/app\/wp-json\/wp\/v2\/media\/11177"}],"wp:attachment":[{"href":"https:\/\/www.newsrecorder.ro\/app\/wp-json\/wp\/v2\/media?parent=11176"}],"wp:term":[{"taxonomy":"category","embeddable":true,"href":"https:\/\/www.newsrecorder.ro\/app\/wp-json\/wp\/v2\/categories?post=11176"},{"taxonomy":"post_tag","embeddable":true,"href":"https:\/\/www.newsrecorder.ro\/app\/wp-json\/wp\/v2\/tags?post=11176"}],"curies":[{"name":"wp","href":"https:\/\/api.w.org\/{rel}","templated":true}]}}