{"id":11186,"date":"2026-03-31T10:13:57","date_gmt":"2026-03-31T10:13:57","guid":{"rendered":"https:\/\/www.newsrecorder.ro\/app\/2026\/03\/31\/premiile-gopo-2026-dinti-de-lapte-in-fruntea-nominalizarilor\/"},"modified":"2026-03-31T10:13:57","modified_gmt":"2026-03-31T10:13:57","slug":"premiile-gopo-2026-dinti-de-lapte-in-fruntea-nominalizarilor","status":"publish","type":"post","link":"https:\/\/www.newsrecorder.ro\/app\/2026\/03\/31\/premiile-gopo-2026-dinti-de-lapte-in-fruntea-nominalizarilor\/","title":{"rendered":"Premiile Gopo 2026: \u201eDin\u021bi de lapte\u201d \u00een fruntea nominaliz\u0103rilor!"},"content":{"rendered":"<p>Filmul \u201eDin\u021bi de lapte\u201d conduce lista nominaliz\u0103rilor la Premiile Gopo 2026, urmat de produc\u021biile \u201eNu m\u0103 l\u0103sa s\u0103 mor\u201d cu 9 nominaliz\u0103ri \u0219i \u201eCravata Galben\u0103\u201d cu 8 nominaliz\u0103ri. Aceasta a fost anun\u021bat\u0103 mar\u021bi de organizatori, cre\u00e2nd anticipa\u021bie \u00een r\u00e2ndul cinefililor.<\/p>\n<p>Ceremonia de decernare a premiilor va avea loc pe 4 mai, \u00een cadrul unei Gale Aniversare care marcheaz\u0103 cea de-a 20-a edi\u021bie a acestui prestigios eveniment. Evenimentul este organizat de c\u0103tre Asocia\u021bia pentru Promovarea Filmului Rom\u00e2nesc, care a realizat selec\u021bia nominaliz\u0103rilor dup\u0103 ce dou\u0103 jurii au evaluat 124 de produc\u021bii rom\u00e2ne\u0219ti lansate \u00een 2025, fie \u00een cinematografe, fie la festivaluri sau pe platforme de streaming.<\/p>\n<p>Peste 700 de profesioni\u0219ti din industria cinematografic\u0103 urmeaz\u0103 s\u0103 voteze pentru a determina c\u00e2\u0219tig\u0103torii, asigur\u00e2nd astfel o selec\u021bie reprezentativ\u0103 \u0219i corect\u0103.<\/p>\n<h3>Lista principalelor categorii la Premiile Gopo 2026<\/h3>\n<h4>Cel mai bun film de lungmetraj<\/h4>\n<p>\n    <strong>Comatogen<\/strong> \u2013 produc\u0103tor: Cristian Gugu | Quantum Media Creative<br \/>\n    <strong>Din\u021bi de lapte<\/strong> \u2013 produc\u0103tori: Radu Stancu, Ioana Lasc\u0103r | deFilm<br \/>\n    <strong>Kontinental \u201925<\/strong> \u2013 produc\u0103tor: Alex Teodorescu | Saga Film<br \/>\n    <strong>Nu m\u0103 l\u0103sa s\u0103 mor<\/strong> \u2013 produc\u0103tori: Ana Gheorghe, Alex Teodorescu | Saga Film<br \/>\n    <strong>Tata<\/strong> \u2013 produc\u0103tor: Monica L\u0103zurean-Gorgan | Manifest Film\n<\/p>\n<h4>Cea mai bun\u0103 regie<\/h4>\n<p>\n    Igor Cobileanski (Comatogen)<br \/>\n    Mihai Mincan (Din\u021bi de lapte)<br \/>\n    Radu Jude (Kontinental \u201925)<br \/>\n    Andrei Epure (Nu m\u0103 l\u0103sa s\u0103 mor)<br \/>\n    Tudor Giurgiu (P\u0103durea de molizi)\n<\/p>\n<h4>Cel mai bun actor \u00een rol principal<\/h4>\n<p>\n    Daniel Popa \u2013 Clasat (rolul Gabriel V\u00e2n\u0103toru)<br \/>\n    Andrei Aradits \u2013 Comatogen (rolul Pavel)<br \/>\n    Ben Schnetzer \u2013 Cravata Galben\u0103 (rolul Sergiu Celibidache)<br \/>\n    Mircea Andreescu \u2013 P\u0103durea de molizi (rolul Gheorghe Holovati)\n<\/p>\n<h4>Cea mai bun\u0103 actri\u021b\u0103 \u00een rol principal<\/h4>\n<p>\n    Daniela Nane \u2013 Comatogen (rolul Alina Zlot)<br \/>\n    Ilinca H\u0103rnu\u021b \u2013 Ink Wash (rolul Lena)<br \/>\n    Eszter Tompa \u2013 Kontinental \u201925 (rolul Orsolya)<br \/>\n    Cosmina Stratan \u2013 Nu m\u0103 l\u0103sa s\u0103 mor (rolul Maria Laurint)<br \/>\n    Coca Bloos \u2013 P\u0103durea de molizi (rolul Minodora)\n<\/p>\n<h4>Cel mai bun actor \u00een rol secundar<\/h4>\n<p>\n    Theodor \u0218optelea \u2013 Comatogen (rolul Radu Zlot)<br \/>\n    Istv\u00e1n T\u00e9gl\u00e1s \u2013 Din\u021bi de lapte (rolul Valentin Prisecaru)<br \/>\n    Andrei Mateiu \u2013 Duel \u00een trei (rolul M\u00e2ndru)<br \/>\n    Adonis Tan\u021ba \u2013 Kontinental \u201925 (rolul Fred)<br \/>\n    Gabriel Spahiu \u2013 Kontinental \u201925 (rolul Sandu)\n<\/p>\n<h4>Cea mai bun\u0103 actri\u021b\u0103 \u00een rol secundar<\/h4>\n<p>\n    Dana Marineci \u2013 Clasat (rolul Andreea Mitu)<br \/>\n    Alexandra Lupu \u2013 Comatogen (rolul Mihaela)<br \/>\n    Marina Palii \u2013 Din\u021bi de lapte (rolul Cezaria Lucaciu)<br \/>\n    Ana Radu \u2013 Duel \u00een trei (rolul Safta)<br \/>\n    Katia Pascariu \u2013 Interior zero (rolul Liliana)<br \/>\n    Ozana Oancea \u2013 Nu m\u0103 l\u0103sa s\u0103 mor (rolul Nadia G\u0103m\u0103neci)\n<\/p>\n<h4>Cel mai bun scenariu<\/h4>\n<p>\n    Horia Cucut\u0103, George ve G\u00e4n\u00e6aard \u2013 Clasat<br \/>\n    Igor Cobileanski, Alin Boeru \u2013 Comatogen<br \/>\n    Mihai Mincan \u2013 Din\u021bi de lapte<br \/>\n    Radu Jude \u2013 Kontinental \u201925<br \/>\n    Andrei Epure, Ana Gheorghe \u2013 Nu m\u0103 l\u0103sa s\u0103 mor\n<\/p>\n<h4>Cea mai bun\u0103 imagine<\/h4>\n<p>\n    George D\u0103sc\u0103lescu \u2013 Catane<br \/>\n    Peter Menzies Jr. ACS \u2013 Cravata Galben\u0103<br \/>\n    George Chiper-Lillemark RSC \u2013 Din\u021bi de lapte\n<\/p>\n<p>Aceste nominaliz\u0103ri reflect\u0103 diversitatea \u0219i creativitatea cinematografiei rom\u00e2ne\u0219ti, iar a\u0219tept\u0103rile sunt mari pentru Gala Premiilor Gopo 2026.<\/p>\n","protected":false},"excerpt":{"rendered":"<p>Filmul \u201eDin\u021bi de lapte\u201d conduce lista nominaliz\u0103rilor la Premiile Gopo 2026, urmat de produc\u021biile \u201eNu m\u0103 l\u0103sa s\u0103 mor\u201d cu 9 nominaliz\u0103ri \u0219i \u201eCravata Galben\u0103\u201d cu 8 nominaliz\u0103ri. Aceasta a fost anun\u021bat\u0103 mar\u021bi de organizatori, cre\u00e2nd anticipa\u021bie \u00een r\u00e2ndul cinefililor. Ceremonia de decernare a premiilor va avea loc pe 4 mai, \u00een cadrul unei Gale [&hellip;]<\/p>\n","protected":false},"author":7,"featured_media":11187,"comment_status":"open","ping_status":"open","sticky":false,"template":"","format":"standard","meta":{"jnews-multi-image_gallery":[],"jnews_single_post":[],"jnews_primary_category":[],"jnews_override_counter":[],"footnotes":""},"categories":[43],"tags":[14080,14078,14076,14081,14079,222,14077,14075],"class_list":["post-11186","post","type-post","status-publish","format-standard","has-post-thumbnail","hentry","category-cultura","tag-cinema-romanesc","tag-cravata-galbena","tag-dinti-de-lapte","tag-filme-2025","tag-gala-aniversara","tag-nominalizari","tag-nu-ma-lasa-sa-mor","tag-premiile-gopo"],"_links":{"self":[{"href":"https:\/\/www.newsrecorder.ro\/app\/wp-json\/wp\/v2\/posts\/11186","targetHints":{"allow":["GET"]}}],"collection":[{"href":"https:\/\/www.newsrecorder.ro\/app\/wp-json\/wp\/v2\/posts"}],"about":[{"href":"https:\/\/www.newsrecorder.ro\/app\/wp-json\/wp\/v2\/types\/post"}],"author":[{"embeddable":true,"href":"https:\/\/www.newsrecorder.ro\/app\/wp-json\/wp\/v2\/users\/7"}],"replies":[{"embeddable":true,"href":"https:\/\/www.newsrecorder.ro\/app\/wp-json\/wp\/v2\/comments?post=11186"}],"version-history":[{"count":0,"href":"https:\/\/www.newsrecorder.ro\/app\/wp-json\/wp\/v2\/posts\/11186\/revisions"}],"wp:featuredmedia":[{"embeddable":true,"href":"https:\/\/www.newsrecorder.ro\/app\/wp-json\/wp\/v2\/media\/11187"}],"wp:attachment":[{"href":"https:\/\/www.newsrecorder.ro\/app\/wp-json\/wp\/v2\/media?parent=11186"}],"wp:term":[{"taxonomy":"category","embeddable":true,"href":"https:\/\/www.newsrecorder.ro\/app\/wp-json\/wp\/v2\/categories?post=11186"},{"taxonomy":"post_tag","embeddable":true,"href":"https:\/\/www.newsrecorder.ro\/app\/wp-json\/wp\/v2\/tags?post=11186"}],"curies":[{"name":"wp","href":"https:\/\/api.w.org\/{rel}","templated":true}]}}