{"id":11188,"date":"2026-03-31T10:14:11","date_gmt":"2026-03-31T10:14:11","guid":{"rendered":"https:\/\/www.newsrecorder.ro\/app\/2026\/03\/31\/eurovision-2024-prima-editie-dedicata-asiei-vezi-cine-participa\/"},"modified":"2026-03-31T10:14:11","modified_gmt":"2026-03-31T10:14:11","slug":"eurovision-2024-prima-editie-dedicata-asiei-vezi-cine-participa","status":"publish","type":"post","link":"https:\/\/www.newsrecorder.ro\/app\/2026\/03\/31\/eurovision-2024-prima-editie-dedicata-asiei-vezi-cine-participa\/","title":{"rendered":"Eurovision 2024: Prima edi\u021bie dedicat\u0103 Asiei! Vezi cine particip\u0103!"},"content":{"rendered":"<p>Concursul Eurovision face un pas istoric prin lansarea primei edi\u021bii dedicate exclusiv Asiei. Conform celor raportate de BBC, zece \u021b\u0103ri din aceast\u0103 regiune, inclusiv Coreea de Sud, Bhutan, Thailanda \u0219i Filipine, \u0219i-au confirmat deja participarea.<\/p>\n<p>Conform <a style=\"color: #0000ff\" href=\"https:\/\/www.ebu.ch\/news\/2026\/03\/bangkok-to-host-first-ever-eurovision-song-contest-asia-in-2026\" target=\"_blank\" rel=\"noopener\">Uniunii Europene de Radio \u0219i Televiziune (EBU)<\/a>, competi\u021bia va aduce pe scen\u0103 arti\u0219ti \u0219i melodii din Coreea de Sud, Thailanda, Filipine \u0219i Vietnam, \u0219i va include, de asemenea, reprezentan\u021bi din Malaezia, Cambodgia, Laos, Bangladesh, Nepal \u0219i Bhutan. Se preconizeaz\u0103 c\u0103, pe m\u0103sur\u0103 ce competi\u021bia va evolua, alte \u021b\u0103ri vor adera la acest eveniment.<\/p>\n<p>Fiecare \u021bar\u0103 participant\u0103 va organiza mai \u00eent\u00e2i selec\u021bii na\u021bionale pentru a-\u0219i alege reprezentan\u021bii. Marea final\u0103 a acestei prime edi\u021bii asiatice se va desf\u0103\u0219ura \u00een capitala Thailandei, Bangkok, pe 14 noiembrie 2026.<\/p>\n<p>Martin Green, directorul concursului Eurovision la EBU, a declarat: \u201e\u00centruc\u00e2t s\u0103rb\u0103torim cea de-a 70-a aniversare a Concursului Eurovision, este deosebit de important s\u0103 inaugur\u0103m acest nou capitol al\u0103turi de Asia, o regiune bogat\u0103 \u00een cultur\u0103, creativitate \u0219i talent.\u201d<\/p>\n<p>Conform <a style=\"color: #0000ff\" href=\"https:\/\/www.bbc.com\/news\/articles\/cx2rwq53zxyo\" target=\"_blank\" rel=\"noopener\">BBC<\/a>, din anii 2000 au existat numeroase \u00eencerc\u0103ri de a dezvolta o versiune asiatic\u0103 a concursului, dar niciuna nu s-a concretizat p\u00e2n\u0103 \u00een prezent.<\/p>\n<p>Organizarea acestei edi\u021bii asiatice a Eurovision este realizat\u0103 de EBU \u00een colaborare cu compania de divertisment Voxovation din Los Angeles \u0219i S2O Productions din Thailanda.<\/p>\n<p>Este demn de men\u021bionat c\u0103 prima edi\u021bie a Concursului Eurovision a avut loc \u00een 1956, devenind astfel cel mai longeviv concurs interna\u021bional de muzic\u0103 din lume. Edi\u021bia din acest an se va desf\u0103\u0219ura \u00een luna mai, la Viena.<\/p>\n","protected":false},"excerpt":{"rendered":"<p>Concursul Eurovision face un pas istoric prin lansarea primei edi\u021bii dedicate exclusiv Asiei. Conform celor raportate de BBC, zece \u021b\u0103ri din aceast\u0103 regiune, inclusiv Coreea de Sud, Bhutan, Thailanda \u0219i Filipine, \u0219i-au confirmat deja participarea. Conform Uniunii Europene de Radio \u0219i Televiziune (EBU), competi\u021bia va aduce pe scen\u0103 arti\u0219ti \u0219i melodii din Coreea de Sud, [&hellip;]<\/p>\n","protected":false},"author":7,"featured_media":11189,"comment_status":"open","ping_status":"open","sticky":false,"template":"","format":"standard","meta":{"jnews-multi-image_gallery":[],"jnews_single_post":[],"jnews_primary_category":[],"jnews_override_counter":[],"footnotes":""},"categories":[43],"tags":[1610,14082,56,9488,271,5706,14083,8310],"class_list":["post-11188","post","type-post","status-publish","format-standard","has-post-thumbnail","hentry","category-cultura","tag-artisti","tag-asia","tag-competitie","tag-eurovision","tag-muzica","tag-participare","tag-selectii-nationale","tag-thailanda"],"_links":{"self":[{"href":"https:\/\/www.newsrecorder.ro\/app\/wp-json\/wp\/v2\/posts\/11188","targetHints":{"allow":["GET"]}}],"collection":[{"href":"https:\/\/www.newsrecorder.ro\/app\/wp-json\/wp\/v2\/posts"}],"about":[{"href":"https:\/\/www.newsrecorder.ro\/app\/wp-json\/wp\/v2\/types\/post"}],"author":[{"embeddable":true,"href":"https:\/\/www.newsrecorder.ro\/app\/wp-json\/wp\/v2\/users\/7"}],"replies":[{"embeddable":true,"href":"https:\/\/www.newsrecorder.ro\/app\/wp-json\/wp\/v2\/comments?post=11188"}],"version-history":[{"count":0,"href":"https:\/\/www.newsrecorder.ro\/app\/wp-json\/wp\/v2\/posts\/11188\/revisions"}],"wp:featuredmedia":[{"embeddable":true,"href":"https:\/\/www.newsrecorder.ro\/app\/wp-json\/wp\/v2\/media\/11189"}],"wp:attachment":[{"href":"https:\/\/www.newsrecorder.ro\/app\/wp-json\/wp\/v2\/media?parent=11188"}],"wp:term":[{"taxonomy":"category","embeddable":true,"href":"https:\/\/www.newsrecorder.ro\/app\/wp-json\/wp\/v2\/categories?post=11188"},{"taxonomy":"post_tag","embeddable":true,"href":"https:\/\/www.newsrecorder.ro\/app\/wp-json\/wp\/v2\/tags?post=11188"}],"curies":[{"name":"wp","href":"https:\/\/api.w.org\/{rel}","templated":true}]}}