{"id":11194,"date":"2026-03-31T10:15:03","date_gmt":"2026-03-31T10:15:03","guid":{"rendered":"https:\/\/www.newsrecorder.ro\/app\/2026\/03\/31\/nicusor-dan-romania-aproape-de-integrarea-in-ocde-si-zona-euro\/"},"modified":"2026-03-31T10:15:03","modified_gmt":"2026-03-31T10:15:03","slug":"nicusor-dan-romania-aproape-de-integrarea-in-ocde-si-zona-euro","status":"publish","type":"post","link":"https:\/\/www.newsrecorder.ro\/app\/2026\/03\/31\/nicusor-dan-romania-aproape-de-integrarea-in-ocde-si-zona-euro\/","title":{"rendered":"Nicu\u0219or Dan: Rom\u00e2nia aproape de integrarea \u00een OCDE \u0219i zona euro!"},"content":{"rendered":"<p>Rom\u00e2nia a marcat o evolu\u021bie impresionant\u0103 \u00een ultimele dou\u0103 decenii, cresc\u00e2nd de la un PIB mediu pe cap de locuitor de doar 26% din cel al Uniunii Europene \u00een anul 2000, la aproape 80% \u00een prezent. Aceste informa\u021bii sunt prezentate de pre\u0219edintele Nicu\u0219or Dan \u00eentr-o postare pe platforma X.<\/p>\n<p>\u201eAderarea Rom\u00e2niei la Uniunea European\u0103 a fost o poveste de succes remarcabil\u0103. \u021aara noastr\u0103 a avut un decalaj istoric fa\u021b\u0103 de na\u021biunile dezvoltate, \u00eens\u0103 acest decalaj a fost redus semnificativ. De la 26% din PIB-ul mediu pe cap de locuitor al UE \u00een 2000, am ajuns ast\u0103zi aproape la 80%\u201d, a declarat Nicu\u0219or Dan.<\/p>\n<p>\u00cen cadrul mesajului s\u0103u, pre\u0219edintele a subliniat c\u0103 reforma institu\u021biilor reprezint\u0103 una dintre priorit\u0103\u021bile mandatului s\u0103u. El a afirmat: \u201eEste esen\u021bial ca institu\u021biile s\u0103 contribuie la o cre\u0219tere economic\u0103 solid\u0103. Calitatea acestora \u0219i modul \u00een care influen\u021beaz\u0103 prosperitatea tuturor rom\u00e2nilor sunt fundamentale.\u201d<\/p>\n<p>Un alt obiectiv strategic important men\u021bionat de Nicu\u0219or Dan este aderarea Rom\u00e2niei la Organiza\u021bia pentru Cooperare \u0219i Dezvoltare Economic\u0103 (OCDE) \u00een acest an. \u201eSuntem pe drumul cel bun, iar acest lucru se datoreaz\u0103 \u00een mare parte colabor\u0103rii \u00eentre partidele politice. Aderarea la OCDE va oferi Rom\u00e2niei o etichet\u0103 care va demonstra c\u0103 avem o guvernan\u021b\u0103 economic\u0103 comparabil\u0103 cu cea a \u021b\u0103rilor dezvoltate\u201d, a ad\u0103ugat el.<\/p>\n<p>Pe l\u00e2ng\u0103 aderarea la OCDE, pre\u0219edintele a subliniat importan\u021ba trecerii la moneda euro, un alt obiectiv major pentru Rom\u00e2nia. \u201eRom\u00e2nia \u00ee\u0219i dore\u0219te o Uniune European\u0103 mai puternic\u0103 din punct de vedere economic, cu o Pia\u021b\u0103 Unic\u0103 func\u021bional\u0103. Pentru ca aceste aspira\u021bii s\u0103 se concretizeze \u00een venituri mai mari pentru cet\u0103\u021beni \u0219i \u00een companii mai competitive, integrarea \u00een nucleul economiei europene este esen\u021bial\u0103. De asemenea, sus\u021binem o pia\u021b\u0103 energetic\u0103 european\u0103 unic\u0103, \u00een care energia nuclear\u0103 s\u0103 aib\u0103 un rol semnificativ\u201d, a explicat pre\u0219edintele.<\/p>\n<p>\u00cen ceea ce prive\u0219te politica regional\u0103, Nicu\u0219or Dan a reafirmat sprijinul Rom\u00e2niei pentru Republica Moldova \u00een procesul s\u0103u de integrare european\u0103. De asemenea, el a subliniat importan\u021ba viitorului buget european pentru perioada 2028-2034, care ar trebui s\u0103 asigure un echilibru \u00eentre competitivitate \u0219i coeziune, pentru a evita accentuarea diferen\u021belor de dezvoltare \u00eentre statele membre.<\/p>\n","protected":false},"excerpt":{"rendered":"<p>Rom\u00e2nia a marcat o evolu\u021bie impresionant\u0103 \u00een ultimele dou\u0103 decenii, cresc\u00e2nd de la un PIB mediu pe cap de locuitor de doar 26% din cel al Uniunii Europene \u00een anul 2000, la aproape 80% \u00een prezent. Aceste informa\u021bii sunt prezentate de pre\u0219edintele Nicu\u0219or Dan \u00eentr-o postare pe platforma X. \u201eAderarea Rom\u00e2niei la Uniunea European\u0103 a [&hellip;]<\/p>\n","protected":false},"author":2,"featured_media":11195,"comment_status":"open","ping_status":"open","sticky":false,"template":"","format":"standard","meta":{"jnews-multi-image_gallery":[],"jnews_single_post":[],"jnews_primary_category":[],"jnews_override_counter":[],"footnotes":""},"categories":[42],"tags":[2420,1178,286,1461,1174,14088,149,321],"class_list":["post-11194","post","type-post","status-publish","format-standard","has-post-thumbnail","hentry","category-politica","tag-crestere-economica","tag-dezvoltare","tag-nicusor-dan","tag-pib","tag-prosperitate","tag-reforma-institutionala","tag-romania","tag-uniunea-europeana"],"_links":{"self":[{"href":"https:\/\/www.newsrecorder.ro\/app\/wp-json\/wp\/v2\/posts\/11194","targetHints":{"allow":["GET"]}}],"collection":[{"href":"https:\/\/www.newsrecorder.ro\/app\/wp-json\/wp\/v2\/posts"}],"about":[{"href":"https:\/\/www.newsrecorder.ro\/app\/wp-json\/wp\/v2\/types\/post"}],"author":[{"embeddable":true,"href":"https:\/\/www.newsrecorder.ro\/app\/wp-json\/wp\/v2\/users\/2"}],"replies":[{"embeddable":true,"href":"https:\/\/www.newsrecorder.ro\/app\/wp-json\/wp\/v2\/comments?post=11194"}],"version-history":[{"count":0,"href":"https:\/\/www.newsrecorder.ro\/app\/wp-json\/wp\/v2\/posts\/11194\/revisions"}],"wp:featuredmedia":[{"embeddable":true,"href":"https:\/\/www.newsrecorder.ro\/app\/wp-json\/wp\/v2\/media\/11195"}],"wp:attachment":[{"href":"https:\/\/www.newsrecorder.ro\/app\/wp-json\/wp\/v2\/media?parent=11194"}],"wp:term":[{"taxonomy":"category","embeddable":true,"href":"https:\/\/www.newsrecorder.ro\/app\/wp-json\/wp\/v2\/categories?post=11194"},{"taxonomy":"post_tag","embeddable":true,"href":"https:\/\/www.newsrecorder.ro\/app\/wp-json\/wp\/v2\/tags?post=11194"}],"curies":[{"name":"wp","href":"https:\/\/api.w.org\/{rel}","templated":true}]}}