{"id":11204,"date":"2026-03-31T10:42:01","date_gmt":"2026-03-31T10:42:01","guid":{"rendered":"https:\/\/www.newsrecorder.ro\/app\/2026\/03\/31\/bolojan-extinderea-ue-o-decizie-strategica-esentiala\/"},"modified":"2026-03-31T10:42:01","modified_gmt":"2026-03-31T10:42:01","slug":"bolojan-extinderea-ue-o-decizie-strategica-esentiala","status":"publish","type":"post","link":"https:\/\/www.newsrecorder.ro\/app\/2026\/03\/31\/bolojan-extinderea-ue-o-decizie-strategica-esentiala\/","title":{"rendered":"Bolojan: Extinderea UE, o decizie strategic\u0103 esen\u021bial\u0103!"},"content":{"rendered":"<p>Declara\u021biile premierului au fost f\u0103cute cu ocazia evenimentului intitulat \u201eMasa rotund\u0103 a Guvernului Rom\u00e2niei \u2013 Urm\u0103torul salt al Europei de Sud-Est\u201d.<\/p>\n<p>Ilie Bolojan a subliniat importan\u021ba siguran\u021bei pentru atragerea de investi\u021bii, afirm\u00e2nd c\u0103 \u201enicio zon\u0103 care nu dispune de un anumit grad de siguran\u021b\u0103 nu va beneficia de investi\u021bii masive capabile s\u0103 genereze siguran\u021b\u0103 \u0219i prosperitate pentru locuitorii s\u0103i\u201d. El a ad\u0103ugat c\u0103 o infrastructur\u0103 adecvat\u0103, at\u00e2t civil\u0103, c\u00e2t \u0219i militar\u0103, precum \u0219i o industrie minim dezvoltat\u0103, sunt esen\u021biale pentru ap\u0103rarea eficient\u0103 a regiunilor. \u00cen acest context, premierul a accentuat c\u0103 \u201ecombinarea dezvolt\u0103rii economice cu \u00eent\u0103rirea ap\u0103r\u0103rii reprezint\u0103 cea mai sigur\u0103 cale pentru a consolida frontiera de est\u201d.<\/p>\n<p>Pe l\u00e2ng\u0103 aceste subiecte, Bolojan a discutat \u0219i despre extinderea Uniunii Europene, pe care o consider\u0103 un factor esen\u021bial pentru cre\u0219terea competitivit\u0103\u021bii. El a eviden\u021biat beneficiile pie\u021belor extinse, diversificarea consumatorilor, for\u021ba de munc\u0103 \u0219i dezvoltarea lan\u021burilor valorice \u00een industria european\u0103.<\/p>\n<p>\u201eExtinderea Uniunii nu este doar un act de generozitate\u201d, a declarat premierul. El a explicat c\u0103 acest proces a ac\u021bionat ca un stimulent pentru buna guvernare \u00een \u021b\u0103rile care au aderat la Uniune. Bolojan a subliniat c\u0103 stagnarea \u021b\u0103rilor din Europa de Est nu se datoreaz\u0103 doar contextului istoric \u0219i geografic, ci \u0219i deficitului de bun\u0103 guvernare. A subliniat c\u0103 toate statele care au devenit membre ale Uniunii Europene au \u00eenregistrat \u00eembun\u0103t\u0103\u021biri semnificative \u00een calitatea guvern\u0103rii, datorit\u0103 respect\u0103rii regulilor Uniunii, indiferent de orient\u0103rile politice.<\/p>\n<p>Premierul a men\u021bionat c\u0103 Rom\u00e2nia este un exemplu \u00een acest sens, afirm\u00e2nd c\u0103 \u021bara noastr\u0103 \u201ea \u00eembun\u0103t\u0103\u021bit considerabil calitatea vie\u021bii, indicatorii economici \u0219i produsul intern brut, \u00eencep\u00e2nd din anul 2007, c\u00e2nd a aderat la Uniune\u201d.<\/p>\n<p>\u00cen concluzie, Ilie Bolojan a reiterat c\u0103 \u201eextinderea Uniunii nu trebuie privit\u0103 doar ca un act de generozitate, ci ca o decizie strategic\u0103 esen\u021bial\u0103, pe care o sus\u021binem\u201d. El a subliniat c\u0103 acest proces nu reprezint\u0103 o cheltuial\u0103, ci o investi\u021bie \u00een dezvoltarea Uniunii Europene pe termen lung, av\u00e2nd un impact semnificativ asupra competitivit\u0103\u021bii, securit\u0103\u021bii regionale \u0219i consolid\u0103rii pie\u021belor, contribuind astfel la o Uniune European\u0103 mai puternic\u0103.\u201d<\/p>\n","protected":false},"excerpt":{"rendered":"<p>Declara\u021biile premierului au fost f\u0103cute cu ocazia evenimentului intitulat \u201eMasa rotund\u0103 a Guvernului Rom\u00e2niei \u2013 Urm\u0103torul salt al Europei de Sud-Est\u201d. Ilie Bolojan a subliniat importan\u021ba siguran\u021bei pentru atragerea de investi\u021bii, afirm\u00e2nd c\u0103 \u201enicio zon\u0103 care nu dispune de un anumit grad de siguran\u021b\u0103 nu va beneficia de investi\u021bii masive capabile s\u0103 genereze siguran\u021b\u0103 \u0219i [&hellip;]<\/p>\n","protected":false},"author":2,"featured_media":11205,"comment_status":"open","ping_status":"open","sticky":false,"template":"","format":"standard","meta":{"jnews-multi-image_gallery":[],"jnews_single_post":[],"jnews_primary_category":[],"jnews_override_counter":[],"footnotes":""},"categories":[42],"tags":[409,513,1075,302,460,420,1118,321],"class_list":["post-11204","post","type-post","status-publish","format-standard","has-post-thumbnail","hentry","category-politica","tag-aparare","tag-competitivitate","tag-dezvoltare-economica","tag-ilie-bolojan","tag-infrastructura","tag-investitii","tag-siguranta","tag-uniunea-europeana"],"_links":{"self":[{"href":"https:\/\/www.newsrecorder.ro\/app\/wp-json\/wp\/v2\/posts\/11204","targetHints":{"allow":["GET"]}}],"collection":[{"href":"https:\/\/www.newsrecorder.ro\/app\/wp-json\/wp\/v2\/posts"}],"about":[{"href":"https:\/\/www.newsrecorder.ro\/app\/wp-json\/wp\/v2\/types\/post"}],"author":[{"embeddable":true,"href":"https:\/\/www.newsrecorder.ro\/app\/wp-json\/wp\/v2\/users\/2"}],"replies":[{"embeddable":true,"href":"https:\/\/www.newsrecorder.ro\/app\/wp-json\/wp\/v2\/comments?post=11204"}],"version-history":[{"count":0,"href":"https:\/\/www.newsrecorder.ro\/app\/wp-json\/wp\/v2\/posts\/11204\/revisions"}],"wp:featuredmedia":[{"embeddable":true,"href":"https:\/\/www.newsrecorder.ro\/app\/wp-json\/wp\/v2\/media\/11205"}],"wp:attachment":[{"href":"https:\/\/www.newsrecorder.ro\/app\/wp-json\/wp\/v2\/media?parent=11204"}],"wp:term":[{"taxonomy":"category","embeddable":true,"href":"https:\/\/www.newsrecorder.ro\/app\/wp-json\/wp\/v2\/categories?post=11204"},{"taxonomy":"post_tag","embeddable":true,"href":"https:\/\/www.newsrecorder.ro\/app\/wp-json\/wp\/v2\/tags?post=11204"}],"curies":[{"name":"wp","href":"https:\/\/api.w.org\/{rel}","templated":true}]}}