{"id":1121,"date":"2026-01-31T22:18:59","date_gmt":"2026-01-31T22:18:59","guid":{"rendered":"https:\/\/www.newsrecorder.ro\/app\/2026\/01\/31\/u-cluj-invinge-rapidul-si-isi-asigura-locul-in-play-off\/"},"modified":"2026-01-31T22:18:59","modified_gmt":"2026-01-31T22:18:59","slug":"u-cluj-invinge-rapidul-si-isi-asigura-locul-in-play-off","status":"publish","type":"post","link":"https:\/\/www.newsrecorder.ro\/app\/2026\/01\/31\/u-cluj-invinge-rapidul-si-isi-asigura-locul-in-play-off\/","title":{"rendered":"U Cluj \u00eenvinge Rapidul \u0219i \u00ee\u0219i asigur\u0103 locul \u00een play-off!"},"content":{"rendered":"<p>\u00cen prima parte a meciului, Universitatea Cluj a avut o \u0219ans\u0103 semnificativ\u0103 \u00een minutul 8, c\u00e2nd Ovidiu Bic a \u00eencercat s\u0103 \u00eenscrie din interiorul careului, \u00eens\u0103 mingea a trecut pu\u021bin pe l\u00e2ng\u0103 poart\u0103. Rapid Bucure\u0219ti a reac\u021bionat \u00een minutul 34, c\u00e2nd Grameni a executat un \u0219ut de la marginea careului, dar f\u0103r\u0103 succes, mingea fiind trimis\u0103 tot pe l\u00e2ng\u0103 poart\u0103.<\/p>\n<p>Deschiderea scorului a avut loc \u00een minutul 67, c\u00e2nd Oucasse Mendy a reu\u0219it s\u0103 marcheze pentru oaspe\u021bi, aduc\u00e2nd astfel avantaj echipei sale.<\/p>\n<p>\u00cen minutul 85, U Cluj a ob\u021binut o lovitur\u0103 de la 11 metri, iar Nistor nu a ratat ocazia, transform\u00e2nd penalty-ul \u0219i stabilind astfel scorul final la 2-0 \u00een favoarea echipei gazd\u0103.<\/p>\n<p>Dup\u0103 desf\u0103\u0219urarea celor 24 de etape, Rapid Bucure\u0219ti se afl\u0103 pe locul 3 \u00een clasament, acumul\u00e2nd 45 de puncte, \u00een timp ce Universitatea Cluj ocup\u0103 locul 5 cu 39 de puncte.<\/p>\n<h3>Echipele de start<\/h3>\n<p><strong>Rapid:<\/strong> Aioani \u2013 Onea, Ciobotariu, Bolgado, Borza \u2013 Grameni, Hromada, Christensen \u2013 Dobre, Paraschiv, Moru\u021ban;<\/p>\n<p><strong>Rezerve:<\/strong> Iliev, S. Popa, S\u0103lceanu, Keita, Vulturar, G. Gheorghe, A. \u0218ucu, Petrila, Hazrollaj, Jambor, Koljic;<\/p>\n<p><strong>Antrenor:<\/strong> Constantin G\u00e2lc\u0103.<\/p>\n<p><strong>U Cluj:<\/strong> Gertmonas \u2013 Mikanovic, Cisse, Cristea, Chipciu \u2013 Codrea, Drammeh \u2013 Macalou, Bic, Gheorghi\u021b\u0103 \u2013 Tric\u0103;<\/p>\n<p><strong>Rezerve:<\/strong> Lefter, Chinte\u0219, Coubi\u0219, To\u0219ca, Gomes, Simion, Murgia, Bota, Nistor, Mendy, Fabry, Taiwo;<\/p>\n<p><strong>Antrenor:<\/strong> Cristiano Bergodi.<\/p>\n","protected":false},"excerpt":{"rendered":"<p>\u00cen prima parte a meciului, Universitatea Cluj a avut o \u0219ans\u0103 semnificativ\u0103 \u00een minutul 8, c\u00e2nd Ovidiu Bic a \u00eencercat s\u0103 \u00eenscrie din interiorul careului, \u00eens\u0103 mingea a trecut pu\u021bin pe l\u00e2ng\u0103 poart\u0103. Rapid Bucure\u0219ti a reac\u021bionat \u00een minutul 34, c\u00e2nd Grameni a executat un \u0219ut de la marginea careului, dar f\u0103r\u0103 succes, mingea fiind [&hellip;]<\/p>\n","protected":false},"author":6,"featured_media":1122,"comment_status":"open","ping_status":"open","sticky":false,"template":"","format":"standard","meta":{"jnews-multi-image_gallery":[],"jnews_single_post":[],"jnews_primary_category":[],"jnews_override_counter":[],"footnotes":""},"categories":[46],"tags":[50,2009,89,57,1112,114,1111,2008],"class_list":["post-1121","post","type-post","status-publish","format-standard","has-post-thumbnail","hentry","category-sport","tag-clasament","tag-echipe-de-start","tag-fotbal","tag-meci","tag-penalty","tag-rapid-bucuresti","tag-scor","tag-universitatea-cluj"],"_links":{"self":[{"href":"https:\/\/www.newsrecorder.ro\/app\/wp-json\/wp\/v2\/posts\/1121","targetHints":{"allow":["GET"]}}],"collection":[{"href":"https:\/\/www.newsrecorder.ro\/app\/wp-json\/wp\/v2\/posts"}],"about":[{"href":"https:\/\/www.newsrecorder.ro\/app\/wp-json\/wp\/v2\/types\/post"}],"author":[{"embeddable":true,"href":"https:\/\/www.newsrecorder.ro\/app\/wp-json\/wp\/v2\/users\/6"}],"replies":[{"embeddable":true,"href":"https:\/\/www.newsrecorder.ro\/app\/wp-json\/wp\/v2\/comments?post=1121"}],"version-history":[{"count":0,"href":"https:\/\/www.newsrecorder.ro\/app\/wp-json\/wp\/v2\/posts\/1121\/revisions"}],"wp:featuredmedia":[{"embeddable":true,"href":"https:\/\/www.newsrecorder.ro\/app\/wp-json\/wp\/v2\/media\/1122"}],"wp:attachment":[{"href":"https:\/\/www.newsrecorder.ro\/app\/wp-json\/wp\/v2\/media?parent=1121"}],"wp:term":[{"taxonomy":"category","embeddable":true,"href":"https:\/\/www.newsrecorder.ro\/app\/wp-json\/wp\/v2\/categories?post=1121"},{"taxonomy":"post_tag","embeddable":true,"href":"https:\/\/www.newsrecorder.ro\/app\/wp-json\/wp\/v2\/tags?post=1121"}],"curies":[{"name":"wp","href":"https:\/\/api.w.org\/{rel}","templated":true}]}}