{"id":11220,"date":"2026-03-31T11:12:24","date_gmt":"2026-03-31T11:12:24","guid":{"rendered":"https:\/\/www.newsrecorder.ro\/app\/2026\/03\/31\/tensiuni-sua-europa-bombardierele-americane-blocate-in-italia\/"},"modified":"2026-03-31T11:12:24","modified_gmt":"2026-03-31T11:12:24","slug":"tensiuni-sua-europa-bombardierele-americane-blocate-in-italia","status":"publish","type":"post","link":"https:\/\/www.newsrecorder.ro\/app\/2026\/03\/31\/tensiuni-sua-europa-bombardierele-americane-blocate-in-italia\/","title":{"rendered":"Tensiuni SUA-Europa: Bombardierele americane, blocate \u00een Italia!"},"content":{"rendered":"<p>Un incident notabil a avut loc recent, c\u00e2nd bombardierele americane care se \u00eendreptau spre o baz\u0103 din Italia au fost respinse la aterizare, conform unui raport publicat de <a href=\"https:\/\/roma.corriere.it\/notizie\/politica\/26_marzo_31\/italia-nega-usa-sigonella-crosetto-86a05dff-9ac6-46cf-b07b-f69fe19c1xlk.shtml\" target=\"_blank\" rel=\"noopener\">Corriere della Sera<\/a>.<\/p>\n<p>Se pare c\u0103 aeronavele militare inten\u021bionau s\u0103 aterizeze la baza Sigonella ca parte a unei misiuni ce urma s\u0103 le duc\u0103 \u00een Orientul Mijlociu.<\/p>\n<p>Cu toate acestea, autorit\u0103\u021bile italiene au anun\u021bat c\u0103 nu au acordat permisiunea de utilizare a bazei, ceea ce a condus la refuzul accesului pentru aceste bombardiere.<\/p>\n<p>Este important de men\u021bionat c\u0103 aceast\u0103 situa\u021bie survine dup\u0103 ce Spania a decis s\u0103 \u00ee\u0219i \u00eenchid\u0103 spa\u021biul aerian pentru aeronavele implicate \u00een ac\u021biunile militare \u00eempotriva Iranului, eviden\u021biind astfel o tendin\u021b\u0103 mai ampl\u0103 de restric\u021bionare a opera\u021biunilor militare interna\u021bionale \u00een acea regiune.<\/p>\n","protected":false},"excerpt":{"rendered":"<p>Un incident notabil a avut loc recent, c\u00e2nd bombardierele americane care se \u00eendreptau spre o baz\u0103 din Italia au fost respinse la aterizare, conform unui raport publicat de Corriere della Sera. Se pare c\u0103 aeronavele militare inten\u021bionau s\u0103 aterizeze la baza Sigonella ca parte a unei misiuni ce urma s\u0103 le duc\u0103 \u00een Orientul Mijlociu. [&hellip;]<\/p>\n","protected":false},"author":2,"featured_media":11221,"comment_status":"open","ping_status":"open","sticky":false,"template":"","format":"standard","meta":{"jnews-multi-image_gallery":[],"jnews_single_post":[],"jnews_primary_category":[],"jnews_override_counter":[],"footnotes":""},"categories":[41],"tags":[13501,14109,14108,913,14110,2211,14111,4270],"class_list":["post-11220","post","type-post","status-publish","format-standard","has-post-thumbnail","hentry","category-externe","tag-autoritati-italiene","tag-baza-sigonella","tag-bombardiere-americane","tag-iran","tag-misiune-militara","tag-orientul-mijlociu","tag-restrictionare-operatiuni","tag-spatiu-aerian"],"_links":{"self":[{"href":"https:\/\/www.newsrecorder.ro\/app\/wp-json\/wp\/v2\/posts\/11220","targetHints":{"allow":["GET"]}}],"collection":[{"href":"https:\/\/www.newsrecorder.ro\/app\/wp-json\/wp\/v2\/posts"}],"about":[{"href":"https:\/\/www.newsrecorder.ro\/app\/wp-json\/wp\/v2\/types\/post"}],"author":[{"embeddable":true,"href":"https:\/\/www.newsrecorder.ro\/app\/wp-json\/wp\/v2\/users\/2"}],"replies":[{"embeddable":true,"href":"https:\/\/www.newsrecorder.ro\/app\/wp-json\/wp\/v2\/comments?post=11220"}],"version-history":[{"count":0,"href":"https:\/\/www.newsrecorder.ro\/app\/wp-json\/wp\/v2\/posts\/11220\/revisions"}],"wp:featuredmedia":[{"embeddable":true,"href":"https:\/\/www.newsrecorder.ro\/app\/wp-json\/wp\/v2\/media\/11221"}],"wp:attachment":[{"href":"https:\/\/www.newsrecorder.ro\/app\/wp-json\/wp\/v2\/media?parent=11220"}],"wp:term":[{"taxonomy":"category","embeddable":true,"href":"https:\/\/www.newsrecorder.ro\/app\/wp-json\/wp\/v2\/categories?post=11220"},{"taxonomy":"post_tag","embeddable":true,"href":"https:\/\/www.newsrecorder.ro\/app\/wp-json\/wp\/v2\/tags?post=11220"}],"curies":[{"name":"wp","href":"https:\/\/api.w.org\/{rel}","templated":true}]}}