{"id":11224,"date":"2026-03-31T11:13:28","date_gmt":"2026-03-31T11:13:28","guid":{"rendered":"https:\/\/www.newsrecorder.ro\/app\/2026\/03\/31\/onu-convoaca-urgenta-dupa-moartea-a-trei-pacificatori-in-liban\/"},"modified":"2026-03-31T11:13:28","modified_gmt":"2026-03-31T11:13:28","slug":"onu-convoaca-urgenta-dupa-moartea-a-trei-pacificatori-in-liban","status":"publish","type":"post","link":"https:\/\/www.newsrecorder.ro\/app\/2026\/03\/31\/onu-convoaca-urgenta-dupa-moartea-a-trei-pacificatori-in-liban\/","title":{"rendered":"ONU convoac\u0103 urgen\u021b\u0103 dup\u0103 moartea a trei pacificatori \u00een Liban!"},"content":{"rendered":"<p>For\u021ba interimar\u0103 a ONU \u00een Liban (UNIFIL) a raportat cu triste\u021be c\u0103 doi militari au fost victimele unei explozie luni, incident ce a avut loc \u00een apropierea satului Bani Hayyan. Aceast\u0103 tragedie a dus la r\u0103nirea altor dou\u0103 persoane. De asemenea, un alt soldat a decedat cu o zi \u00eenainte, \u00een urma impactului unui proiectil care a lovit pozi\u021bia unit\u0103\u021bii sale. Autorit\u0103\u021bile ONU au subliniat c\u0103, \u00een prezent, nu se cunoa\u0219te originea exploziei \u0219i a proiectilului, iar investiga\u021biile sunt \u00een curs de desf\u0103\u0219urare, conform informa\u021biilor furnizate de <a href=\"https:\/\/www.euronews.com\/2026\/03\/31\/un-security-council-to-hold-emergency-session-after-peacekeeper-deaths-in-lebanon\" target=\"_blank\" rel=\"noopener\">Euronews<\/a>.<\/p>\n<p>To\u021bi cei trei militari deceda\u021bi f\u0103ceau parte din contingentul indonezian, a\u0219a cum a declarat Jean-Pierre Lacroix, responsabilul ONU pentru opera\u021biuni de men\u021binere a p\u0103cii. Aceste pierderi tragice cresc la 97 num\u0103rul membrilor UNIFIL care au fost uci\u0219i \u00een ac\u021biuni violente de la \u00eenfiin\u021barea misiunii \u00een 1978. P\u00e2n\u0103 \u00een prezent, peste 330 de membri ai misiunii au murit \u00een timpul \u00eendeplinirii atribu\u021biilor. Acest bilan\u021b face din UNIFIL cea mai afectat\u0103 opera\u021biune de men\u021binere a p\u0103cii din cadrul ONU. Ministrul de externe al Indoneziei a condamnat aceste atacuri, caracteriz\u00e2ndu-le drept \u201eodioase\u201d \u0219i a cerut o anchet\u0103 rapid\u0103 \u0219i transparent\u0103.<\/p>\n<p>Aceste incidente au loc pe fondul escalad\u0103rii conflictului dintre Israel \u0219i gruparea Hezbollah \u00een sudul Libanului. Tensiunile s-au amplificat dup\u0103 ce Hezbollah a lansat rachete asupra Israelului la \u00eenceputul lunii martie, contextul regional fiind marcat de conflictul dintre Israel, Statele Unite \u0219i Iran. Ca reac\u021bie, armata israelian\u0103 a efectuat numeroase atacuri aeriene asupra sudului Libanului \u0219i suburbiilor Beirutului, \u00een timp ce mii de solda\u021bi israelieni au fost desf\u0103\u0219ura\u021bi la frontier\u0103 pentru opera\u021biuni terestre.<\/p>\n<p>Coordonatorul special al ONU pentru Liban a avertizat c\u0103 impactul umanitar al acestui conflict a devenit devastator. \u00cen ultimele zile, trei militari ONU \u0219i nou\u0103 paramedici libanezi \u0219i-au pierdut via\u021ba, iar num\u0103rul total al victimelor a dep\u0103\u0219it 1.240. Pe l\u00e2ng\u0103 aceasta, mai mult de un milion de persoane au fost nevoite s\u0103 \u00ee\u0219i p\u0103r\u0103seasc\u0103 locuin\u021bele din cauza luptelor. Oficialii ONU subliniaz\u0103 c\u0103, <a href=\"https:\/\/www.mediafax.ro\/externe\/razboiul-din-orientul-mijlociu-ziua-32-iranul-afirma-ca-nu-a-purtat-nicio-negociere-cu-sua-atacuri-aeriene-in-emiratele-arabe-unite-israelul-refuza-sa-stabileasca-un-termen-pentru-incheierea-co-23712394\" target=\"_blank\" rel=\"noopener\">pe m\u0103sur\u0103 ce conflictul continu\u0103<\/a>, perspectivele unei solu\u021bii negociate devin tot mai \u00eenguste, iar stabilitatea regiunii este din ce \u00een ce mai amenin\u021bat\u0103.<\/p>\n","protected":false},"excerpt":{"rendered":"<p>For\u021ba interimar\u0103 a ONU \u00een Liban (UNIFIL) a raportat cu triste\u021be c\u0103 doi militari au fost victimele unei explozie luni, incident ce a avut loc \u00een apropierea satului Bani Hayyan. Aceast\u0103 tragedie a dus la r\u0103nirea altor dou\u0103 persoane. De asemenea, un alt soldat a decedat cu o zi \u00eenainte, \u00een urma impactului unui proiectil [&hellip;]<\/p>\n","protected":false},"author":2,"featured_media":11225,"comment_status":"open","ping_status":"open","sticky":false,"template":"","format":"standard","meta":{"jnews-multi-image_gallery":[],"jnews_single_post":[],"jnews_primary_category":[],"jnews_override_counter":[],"footnotes":""},"categories":[41],"tags":[14115,7357,14116,2183,14117,5792,6386,14114],"class_list":["post-11224","post","type-post","status-publish","format-standard","has-post-thumbnail","hentry","category-externe","tag-banii-hayyan","tag-explozie","tag-indonezian","tag-liban","tag-mentinere-a-pacii","tag-militari","tag-pierderi","tag-unifil"],"_links":{"self":[{"href":"https:\/\/www.newsrecorder.ro\/app\/wp-json\/wp\/v2\/posts\/11224","targetHints":{"allow":["GET"]}}],"collection":[{"href":"https:\/\/www.newsrecorder.ro\/app\/wp-json\/wp\/v2\/posts"}],"about":[{"href":"https:\/\/www.newsrecorder.ro\/app\/wp-json\/wp\/v2\/types\/post"}],"author":[{"embeddable":true,"href":"https:\/\/www.newsrecorder.ro\/app\/wp-json\/wp\/v2\/users\/2"}],"replies":[{"embeddable":true,"href":"https:\/\/www.newsrecorder.ro\/app\/wp-json\/wp\/v2\/comments?post=11224"}],"version-history":[{"count":0,"href":"https:\/\/www.newsrecorder.ro\/app\/wp-json\/wp\/v2\/posts\/11224\/revisions"}],"wp:featuredmedia":[{"embeddable":true,"href":"https:\/\/www.newsrecorder.ro\/app\/wp-json\/wp\/v2\/media\/11225"}],"wp:attachment":[{"href":"https:\/\/www.newsrecorder.ro\/app\/wp-json\/wp\/v2\/media?parent=11224"}],"wp:term":[{"taxonomy":"category","embeddable":true,"href":"https:\/\/www.newsrecorder.ro\/app\/wp-json\/wp\/v2\/categories?post=11224"},{"taxonomy":"post_tag","embeddable":true,"href":"https:\/\/www.newsrecorder.ro\/app\/wp-json\/wp\/v2\/tags?post=11224"}],"curies":[{"name":"wp","href":"https:\/\/api.w.org\/{rel}","templated":true}]}}