{"id":11232,"date":"2026-03-31T11:41:46","date_gmt":"2026-03-31T11:41:46","guid":{"rendered":"https:\/\/www.newsrecorder.ro\/app\/2026\/03\/31\/amenintare-aeriana-nocturna-estonia-in-alerta-maxima\/"},"modified":"2026-03-31T11:41:46","modified_gmt":"2026-03-31T11:41:46","slug":"amenintare-aeriana-nocturna-estonia-in-alerta-maxima","status":"publish","type":"post","link":"https:\/\/www.newsrecorder.ro\/app\/2026\/03\/31\/amenintare-aeriana-nocturna-estonia-in-alerta-maxima\/","title":{"rendered":"Amenin\u021bare aerian\u0103 nocturn\u0103: Estonia \u00een alert\u0103 maxim\u0103!"},"content":{"rendered":"<p>\u00cen diminea\u021ba zilei de mar\u021bi, for\u021bele de ap\u0103rare ale Estoniei au anun\u021bat, printr-un comunicat oficial, c\u0103 au detectat \u201eactivitate aerian\u0103 poten\u021bial periculoas\u0103\u201d at\u00e2t \u00een interiorul, c\u00e2t \u0219i \u00een afara spa\u021biului aerian al acestei \u021b\u0103ri baltice.<\/p>\n<p>\u00cen declara\u021bia lor, acestea au men\u021bionat c\u0103 a fost emis\u0103 o notificare preventiv\u0103 \u00een leg\u0103tur\u0103 cu aceast\u0103 amenin\u021bare, \u00eens\u0103, \u00eentre timp, situa\u021bia s-a normalizat. Informa\u021biile au fost confirmate \u0219i de c\u0103tre agen\u021bia de \u0219tiri <a href=\"https:\/\/www.reuters.com\/business\/aerospace-defense\/estonia-detects-air-threat-overnight-defence-forces-say-2026-03-31\/\" target=\"_blank\" rel=\"noopener\">Reuters<\/a>.<\/p>\n<p>Colonelul Uku Arold, purt\u0103torul de cuv\u00e2nt al for\u021belor de ap\u0103rare estoniene, a specificat c\u0103 este \u201efoarte probabil ca dronele ucrainene r\u0103t\u0103cite s\u0103 fi fost implicate\u201d \u00een incident, conform declara\u021biilor sale pentru postul public de televiziune ERR.<\/p>\n<p>\u00cen ultimele s\u0103pt\u0103m\u00e2ni, Ucraina a intensificat atacurile asupra rafin\u0103riilor de petrol \u0219i a rutelor de export ruse\u0219ti, unele dintre acestea afl\u00e2ndu-se \u00een apropierea grani\u021bei cu \u021b\u0103rile baltice \u0219i Finlanda. Aceste ac\u021biuni au ca scop sl\u0103birea economiei de r\u0103zboi a Moscovei.<\/p>\n<p>Totodat\u0103, autorit\u0103\u021bile estoniene au raportat c\u0103 au g\u0103sit resturi de la cel pu\u021bin o dron\u0103 \u00een jude\u021bul Tartu, iar investiga\u021biile pentru alte descoperiri sunt \u00een desf\u0103\u0219urare, conform surselor ERR.<\/p>\n<p>\u00centr-o declara\u021bie separat\u0103, for\u021bele Armate Na\u021bionale ale Letoniei au informat c\u0103, luni seara, au detectat un vehicul aerian f\u0103r\u0103 pilot str\u0103in \u00een apropierea grani\u021bei letono-ruse, men\u021bion\u00e2nd c\u0103 aeronava nu a intrat \u00een spa\u021biul aerian leton.<\/p>\n<p>De asemenea, autorit\u0103\u021bile finlandeze au anun\u021bat luni c\u0103 o dron\u0103 pr\u0103bu\u0219it\u0103 duminic\u0103 pe teritoriul Finlandei transporta o \u00eenc\u0103rc\u0103tur\u0103 exploziv\u0103 neexplodat\u0103.<\/p>\n","protected":false},"excerpt":{"rendered":"<p>\u00cen diminea\u021ba zilei de mar\u021bi, for\u021bele de ap\u0103rare ale Estoniei au anun\u021bat, printr-un comunicat oficial, c\u0103 au detectat \u201eactivitate aerian\u0103 poten\u021bial periculoas\u0103\u201d at\u00e2t \u00een interiorul, c\u00e2t \u0219i \u00een afara spa\u021biului aerian al acestei \u021b\u0103ri baltice. \u00cen declara\u021bia lor, acestea au men\u021bionat c\u0103 a fost emis\u0103 o notificare preventiv\u0103 \u00een leg\u0103tur\u0103 cu aceast\u0103 amenin\u021bare, \u00eens\u0103, \u00eentre [&hellip;]<\/p>\n","protected":false},"author":2,"featured_media":11233,"comment_status":"open","ping_status":"open","sticky":false,"template":"","format":"standard","meta":{"jnews-multi-image_gallery":[],"jnews_single_post":[],"jnews_primary_category":[],"jnews_override_counter":[],"footnotes":""},"categories":[41],"tags":[14121,14124,4053,409,14125,14122,2277,14123],"class_list":["post-11232","post","type-post","status-publish","format-standard","has-post-thumbnail","hentry","category-externe","tag-activitate-aeriana","tag-agentia-de-stiri","tag-amenintare","tag-aparare","tag-atacuri-asupra-rafinariilor","tag-drone-ucrainene","tag-estonia","tag-incursiune"],"_links":{"self":[{"href":"https:\/\/www.newsrecorder.ro\/app\/wp-json\/wp\/v2\/posts\/11232","targetHints":{"allow":["GET"]}}],"collection":[{"href":"https:\/\/www.newsrecorder.ro\/app\/wp-json\/wp\/v2\/posts"}],"about":[{"href":"https:\/\/www.newsrecorder.ro\/app\/wp-json\/wp\/v2\/types\/post"}],"author":[{"embeddable":true,"href":"https:\/\/www.newsrecorder.ro\/app\/wp-json\/wp\/v2\/users\/2"}],"replies":[{"embeddable":true,"href":"https:\/\/www.newsrecorder.ro\/app\/wp-json\/wp\/v2\/comments?post=11232"}],"version-history":[{"count":0,"href":"https:\/\/www.newsrecorder.ro\/app\/wp-json\/wp\/v2\/posts\/11232\/revisions"}],"wp:featuredmedia":[{"embeddable":true,"href":"https:\/\/www.newsrecorder.ro\/app\/wp-json\/wp\/v2\/media\/11233"}],"wp:attachment":[{"href":"https:\/\/www.newsrecorder.ro\/app\/wp-json\/wp\/v2\/media?parent=11232"}],"wp:term":[{"taxonomy":"category","embeddable":true,"href":"https:\/\/www.newsrecorder.ro\/app\/wp-json\/wp\/v2\/categories?post=11232"},{"taxonomy":"post_tag","embeddable":true,"href":"https:\/\/www.newsrecorder.ro\/app\/wp-json\/wp\/v2\/tags?post=11232"}],"curies":[{"name":"wp","href":"https:\/\/api.w.org\/{rel}","templated":true}]}}