{"id":11242,"date":"2026-03-31T17:04:52","date_gmt":"2026-03-31T17:04:52","guid":{"rendered":"https:\/\/www.newsrecorder.ro\/app\/2026\/03\/31\/cotar-solicita-scaderea-accizelor-si-tva-ului-la-carburanti\/"},"modified":"2026-03-31T17:04:52","modified_gmt":"2026-03-31T17:04:52","slug":"cotar-solicita-scaderea-accizelor-si-tva-ului-la-carburanti","status":"publish","type":"post","link":"https:\/\/www.newsrecorder.ro\/app\/2026\/03\/31\/cotar-solicita-scaderea-accizelor-si-tva-ului-la-carburanti\/","title":{"rendered":"COTAR solicit\u0103 sc\u0103derea accizelor \u0219i TVA-ului la carburan\u021bi!"},"content":{"rendered":"<p>Confedera\u021bia Operatorilor \u0219i Transportatorilor Autoriza\u021bi din Rom\u00e2nia (COTAR) a primit cu entuziasm anun\u021bul Guvernului Rom\u00e2niei privind ini\u021biativele de reducere a pre\u021burilor carburan\u021bilor. Reprezentan\u021bii transportatorilor subliniaz\u0103 c\u0103 aceste m\u0103suri trebuie implementate \u201ec\u00e2t mai cur\u00e2nd\u201d \u0219i s\u0103 fie men\u021binute pe o perioad\u0103 \u201esuficient de lung\u0103\u201d.<\/p>\n<p>Vasile \u0218tef\u0103nescu, pre\u0219edintele COTAR, a subliniat importan\u021ba urgent\u0103rii acestor m\u0103suri, avertiz\u00e2nd c\u0103 \u00eent\u00e2rzierea lor ar putea conduce la o criz\u0103 economic\u0103 mai sever\u0103 dec\u00e2t cea din anii 2009-2010. \u201eScumpirea carburan\u021bilor nu afecteaz\u0103 doar costurile transportatorilor, ci duce la cre\u0219terea pre\u021burilor pentru toate produsele \u0219i serviciile, sc\u0103derea nivelului de trai, cre\u0219terea infrac\u021bionalit\u0103\u021bii \u0219i, inevitabil, falimente \u00een lan\u021b \u0219i un val de \u0219omaj. Toate acestea nu vor contribui la cre\u0219terea veniturilor la bugetul de stat, ci vor genera distrugere economic\u0103 \u0219i social\u0103. Premierul trebuie s\u0103 ia \u00een considerare analizele economi\u0219tilor \u0219i s\u0103 implementeze solu\u021bii simple: reducerea accizelor \u0219i a TVA-ului la carburan\u021bi pentru a opri aceast\u0103 criz\u0103\u201d, a declarat acesta.<\/p>\n<p>\u00centr-un comunicat al confedera\u021biei, premierul a explicat c\u0103 pre\u021burile carburan\u021bilor au crescut semnificativ, de la aproximativ 8 lei la 10,3 \u2013 10,4 lei, o cre\u0219tere de aproape 30%, fenomen considerat a fi influen\u021bat de fluctua\u021biile pie\u021belor externe.<\/p>\n<p>COTAR a subliniat, \u00eens\u0103, c\u0103 premierul Ilie Bolojan ar putea s\u0103 nu fie pe deplin informat despre situa\u021bia actual\u0103 a pre\u021burilor. \u201eUn calcul simplu arat\u0103 c\u0103 motorina ar trebui s\u0103 coste 4,6 lei. Totu\u0219i, trebuie s\u0103 avem \u00een vedere acciza majorat\u0103 de la 1 ianuarie, TVA-ul crescut la 21% \u0219i taxa de drum, ceea ce rezult\u0103 \u00eentr-un pre\u021b care dep\u0103\u0219e\u0219te 10 lei pe litru. Din aceast\u0103 sum\u0103, statul \u00eencaseaz\u0103 55%. Acest aspect nu are leg\u0103tur\u0103 cu pie\u021bele externe sau cu importurile, ci cu faptul c\u0103 statul preia mai mult de jum\u0103tate din costul unui litru de motorin\u0103 la fiecare alimentare\u201d, se arat\u0103 \u00een comunicat.<\/p>\n<p>Transportatorii consider\u0103 c\u0103, pentru a evita o criz\u0103 economic\u0103 major\u0103, singurele solu\u021bii viabile sunt reducerea simultan\u0103 a accizelor \u0219i a TVA-ului.<\/p>\n<p>\u00cen prezent, Guvernul analizeaz\u0103 op\u021biunile pentru reducerea accizei la motorin\u0103 \u0219i se a\u0219teapt\u0103 s\u0103 anun\u021be o decizie oficial\u0103 \u00een cur\u00e2nd. Premierul Ilie Bolojan a afirmat: \u201eReducerea accizei la motorin\u0103 este \u00een discu\u021bie. Ministerul de Finan\u021be \u0219i Ministerul Energiei lucreaz\u0103 \u00een aceste momente pentru a g\u0103si o solu\u021bie\u201d.<\/p>\n","protected":false},"excerpt":{"rendered":"<p>Confedera\u021bia Operatorilor \u0219i Transportatorilor Autoriza\u021bi din Rom\u00e2nia (COTAR) a primit cu entuziasm anun\u021bul Guvernului Rom\u00e2niei privind ini\u021biativele de reducere a pre\u021burilor carburan\u021bilor. Reprezentan\u021bii transportatorilor subliniaz\u0103 c\u0103 aceste m\u0103suri trebuie implementate \u201ec\u00e2t mai cur\u00e2nd\u201d \u0219i s\u0103 fie men\u021binute pe o perioad\u0103 \u201esuficient de lung\u0103\u201d. Vasile \u0218tef\u0103nescu, pre\u0219edintele COTAR, a subliniat importan\u021ba urgent\u0103rii acestor m\u0103suri, avertiz\u00e2nd c\u0103 [&hellip;]<\/p>\n","protected":false},"author":4,"featured_media":11243,"comment_status":"open","ping_status":"open","sticky":false,"template":"","format":"standard","meta":{"jnews-multi-image_gallery":[],"jnews_single_post":[],"jnews_primary_category":[],"jnews_override_counter":[],"footnotes":""},"categories":[40],"tags":[7475,10285,2091,14145,301,1705,535,10284],"class_list":["post-11242","post","type-post","status-publish","format-standard","has-post-thumbnail","hentry","category-econonie","tag-carburanti","tag-cotar","tag-criza-economica","tag-falimente","tag-guvern","tag-masuri","tag-preturi","tag-transportatori"],"_links":{"self":[{"href":"https:\/\/www.newsrecorder.ro\/app\/wp-json\/wp\/v2\/posts\/11242","targetHints":{"allow":["GET"]}}],"collection":[{"href":"https:\/\/www.newsrecorder.ro\/app\/wp-json\/wp\/v2\/posts"}],"about":[{"href":"https:\/\/www.newsrecorder.ro\/app\/wp-json\/wp\/v2\/types\/post"}],"author":[{"embeddable":true,"href":"https:\/\/www.newsrecorder.ro\/app\/wp-json\/wp\/v2\/users\/4"}],"replies":[{"embeddable":true,"href":"https:\/\/www.newsrecorder.ro\/app\/wp-json\/wp\/v2\/comments?post=11242"}],"version-history":[{"count":0,"href":"https:\/\/www.newsrecorder.ro\/app\/wp-json\/wp\/v2\/posts\/11242\/revisions"}],"wp:featuredmedia":[{"embeddable":true,"href":"https:\/\/www.newsrecorder.ro\/app\/wp-json\/wp\/v2\/media\/11243"}],"wp:attachment":[{"href":"https:\/\/www.newsrecorder.ro\/app\/wp-json\/wp\/v2\/media?parent=11242"}],"wp:term":[{"taxonomy":"category","embeddable":true,"href":"https:\/\/www.newsrecorder.ro\/app\/wp-json\/wp\/v2\/categories?post=11242"},{"taxonomy":"post_tag","embeddable":true,"href":"https:\/\/www.newsrecorder.ro\/app\/wp-json\/wp\/v2\/tags?post=11242"}],"curies":[{"name":"wp","href":"https:\/\/api.w.org\/{rel}","templated":true}]}}